{"id":3847,"date":"2016-01-18T15:35:51","date_gmt":"2016-01-18T13:35:51","guid":{"rendered":"http:\/\/www.joanardevol.org\/radio\/?p=169"},"modified":"2016-09-04T19:39:09","modified_gmt":"2016-09-04T17:39:09","slug":"ja-sha-presentat-el-concurs-de-radio-pinaret","status":"publish","type":"post","link":"https:\/\/agora.xtec.cat\/escjoanardevol\/radio\/ja-sha-presentat-el-concurs-de-radio-pinaret\/","title":{"rendered":"Ja s&#8217;ha presentat el concurs de r\u00e0dio Pinaret!"},"content":{"rendered":"<p>L&#8217;equip de r\u00e0dio Pinaret ha presentat el concurs al cicle superior de l&#8217;escola. Aquests alumnes participaran amb una butlleta que introduiran a la maleta dels enigmes. Aquesta romandr\u00e0 a la biblioteca del centre durant un per\u00edode de temps.<\/p>\n<p>Com ja sabeu, \u00e9s\u00a0un concurs i per tant hi haur\u00e0 un guanyador o guanyadora i un premi. El premi ser\u00e0 una tassa de la r\u00e0dio. Esperem la vostra participaci\u00f3.<\/p>\n","protected":false},"excerpt":{"rendered":"<p>L&#8217;equip de r\u00e0dio Pinaret ha presentat el concurs al cicle superior de l&#8217;escola. Aquests alumnes participaran amb una butlleta que introduiran a la maleta dels enigmes. Aquesta romandr\u00e0 a la biblioteca del centre durant un per\u00edode de temps.<br \/>\nCom ja sabeu, \u00e9s\u00a0un concurs i per tant&hellip;  <a href=\"https:\/\/agora.xtec.cat\/escjoanardevol\/radio\/ja-sha-presentat-el-concurs-de-radio-pinaret\/\" title=\"Read Ja s&#8217;ha presentat el concurs de r\u00e0dio Pinaret!\">Llegeix m\u00e9s\u00bb<\/a><\/p>\n","protected":false},"author":5,"featured_media":0,"comment_status":"open","ping_status":"open","sticky":false,"template":"","format":"standard","meta":{"_bbp_topic_count":0,"_bbp_reply_count":0,"_bbp_total_topic_count":0,"_bbp_total_reply_count":0,"_bbp_voice_count":0,"_bbp_anonymous_reply_count":0,"_bbp_topic_count_hidden":0,"_bbp_reply_count_hidden":0,"_bbp_forum_subforum_count":0,"footnotes":""},"categories":[197],"tags":[],"class_list":["post-3847","post","type-post","status-publish","format-standard","hentry","category-radio"],"post_mailing_queue_ids":[],"_links":{"self":[{"href":"https:\/\/agora.xtec.cat\/escjoanardevol\/wp-json\/wp\/v2\/posts\/3847","targetHints":{"allow":["GET"]}}],"collection":[{"href":"https:\/\/agora.xtec.cat\/escjoanardevol\/wp-json\/wp\/v2\/posts"}],"about":[{"href":"https:\/\/agora.xtec.cat\/escjoanardevol\/wp-json\/wp\/v2\/types\/post"}],"author":[{"embeddable":true,"href":"https:\/\/agora.xtec.cat\/escjoanardevol\/wp-json\/wp\/v2\/users\/5"}],"replies":[{"embeddable":true,"href":"https:\/\/agora.xtec.cat\/escjoanardevol\/wp-json\/wp\/v2\/comments?post=3847"}],"version-history":[{"count":1,"href":"https:\/\/agora.xtec.cat\/escjoanardevol\/wp-json\/wp\/v2\/posts\/3847\/revisions"}],"predecessor-version":[{"id":3903,"href":"https:\/\/agora.xtec.cat\/escjoanardevol\/wp-json\/wp\/v2\/posts\/3847\/revisions\/3903"}],"wp:attachment":[{"href":"https:\/\/agora.xtec.cat\/escjoanardevol\/wp-json\/wp\/v2\/media?parent=3847"}],"wp:term":[{"taxonomy":"category","embeddable":true,"href":"https:\/\/agora.xtec.cat\/escjoanardevol\/wp-json\/wp\/v2\/categories?post=3847"},{"taxonomy":"post_tag","embeddable":true,"href":"https:\/\/agora.xtec.cat\/escjoanardevol\/wp-json\/wp\/v2\/tags?post=3847"}],"curies":[{"name":"wp","href":"https:\/\/api.w.org\/{rel}","templated":true}]}}