{"id":3840,"date":"2015-12-15T13:04:37","date_gmt":"2015-12-15T11:04:37","guid":{"rendered":"http:\/\/www.joanardevol.org\/radio\/?p=91"},"modified":"2016-09-04T19:52:46","modified_gmt":"2016-09-04T17:52:46","slug":"el-petit-globus-vermell","status":"publish","type":"post","link":"https:\/\/agora.xtec.cat\/escjoanardevol\/radio\/el-petit-globus-vermell\/","title":{"rendered":"El petit globus vermell."},"content":{"rendered":"<p>Per la festa del vermell que es va fer a P3, els alumnes de cinqu\u00e8 Nerea L\u00f3pez, Daniel Portillo i Laura Hern\u00e1ndez van narrar i enregistrar aquest conte. Aqu\u00ed el podeu escoltar i comprovar el plaer de llegir i interpretar. Gr\u00e0cies a tots tres. Aquest resultat va ser possible sota la direcci\u00f3 dels mestres N\u00faria Capella i Basili Ram\u00edrez. Gr\u00e0cies a tothom!<\/p>\n<!--[if lt IE 9]><script>document.createElement('audio');<\/script><![endif]-->\n<audio class=\"wp-audio-shortcode\" id=\"audio-3840-1\" preload=\"none\" style=\"width: 100%;\" controls=\"controls\"><source type=\"audio\/mpeg\" src=\"http:\/\/www.joanardevol.org\/radio\/wp-content\/uploads\/2015\/12\/el-petit-globus-vermell.mp3?_=1\" \/><a href=\"http:\/\/www.joanardevol.org\/radio\/wp-content\/uploads\/2015\/12\/el-petit-globus-vermell.mp3\">http:\/\/www.joanardevol.org\/radio\/wp-content\/uploads\/2015\/12\/el-petit-globus-vermell.mp3<\/a><\/audio>\n<p style=\"text-align: center;\"><a href=\"http:\/\/www.joanardevol.org\/radio\/wp-content\/uploads\/2015\/12\/globus-vermell.jpg\" rel=\"attachment wp-att-94\"><img loading=\"lazy\" decoding=\"async\" class=\"alignnone size-medium wp-image-94\" src=\"http:\/\/www.joanardevol.org\/radio\/wp-content\/uploads\/2015\/12\/globus-vermell-300x171.jpg\" alt=\"globus vermell\" width=\"300\" height=\"171\" \/><\/a><\/p>\n","protected":false},"excerpt":{"rendered":"<p>Per la festa del vermell que es va fer a P3, els alumnes de cinqu\u00e8 Nerea L\u00f3pez, Daniel Portillo i Laura Hern\u00e1ndez van narrar i enregistrar aquest conte. Aqu\u00ed el podeu escoltar i comprovar el plaer de llegir i interpretar. Gr\u00e0cies a tots tres. Aquest&hellip;  <a href=\"https:\/\/agora.xtec.cat\/escjoanardevol\/radio\/el-petit-globus-vermell\/\" title=\"Read El petit globus vermell.\">Llegeix m\u00e9s\u00bb<\/a><\/p>\n","protected":false},"author":5,"featured_media":3926,"comment_status":"open","ping_status":"open","sticky":false,"template":"","format":"standard","meta":{"_bbp_topic_count":0,"_bbp_reply_count":0,"_bbp_total_topic_count":0,"_bbp_total_reply_count":0,"_bbp_voice_count":0,"_bbp_anonymous_reply_count":0,"_bbp_topic_count_hidden":0,"_bbp_reply_count_hidden":0,"_bbp_forum_subforum_count":0,"footnotes":""},"categories":[197],"tags":[],"class_list":["post-3840","post","type-post","status-publish","format-standard","has-post-thumbnail","hentry","category-radio"],"post_mailing_queue_ids":[],"_links":{"self":[{"href":"https:\/\/agora.xtec.cat\/escjoanardevol\/wp-json\/wp\/v2\/posts\/3840","targetHints":{"allow":["GET"]}}],"collection":[{"href":"https:\/\/agora.xtec.cat\/escjoanardevol\/wp-json\/wp\/v2\/posts"}],"about":[{"href":"https:\/\/agora.xtec.cat\/escjoanardevol\/wp-json\/wp\/v2\/types\/post"}],"author":[{"embeddable":true,"href":"https:\/\/agora.xtec.cat\/escjoanardevol\/wp-json\/wp\/v2\/users\/5"}],"replies":[{"embeddable":true,"href":"https:\/\/agora.xtec.cat\/escjoanardevol\/wp-json\/wp\/v2\/comments?post=3840"}],"version-history":[{"count":1,"href":"https:\/\/agora.xtec.cat\/escjoanardevol\/wp-json\/wp\/v2\/posts\/3840\/revisions"}],"predecessor-version":[{"id":3909,"href":"https:\/\/agora.xtec.cat\/escjoanardevol\/wp-json\/wp\/v2\/posts\/3840\/revisions\/3909"}],"wp:featuredmedia":[{"embeddable":true,"href":"https:\/\/agora.xtec.cat\/escjoanardevol\/wp-json\/wp\/v2\/media\/3926"}],"wp:attachment":[{"href":"https:\/\/agora.xtec.cat\/escjoanardevol\/wp-json\/wp\/v2\/media?parent=3840"}],"wp:term":[{"taxonomy":"category","embeddable":true,"href":"https:\/\/agora.xtec.cat\/escjoanardevol\/wp-json\/wp\/v2\/categories?post=3840"},{"taxonomy":"post_tag","embeddable":true,"href":"https:\/\/agora.xtec.cat\/escjoanardevol\/wp-json\/wp\/v2\/tags?post=3840"}],"curies":[{"name":"wp","href":"https:\/\/api.w.org\/{rel}","templated":true}]}}