{"id":376,"date":"2016-04-13T11:09:29","date_gmt":"2016-04-13T09:09:29","guid":{"rendered":"http:\/\/www.joanardevol.org\/radio\/?p=376"},"modified":"2016-09-04T19:44:09","modified_gmt":"2016-09-04T17:44:09","slug":"la-paraula-mes-maca-del-mon","status":"publish","type":"post","link":"https:\/\/agora.xtec.cat\/escjoanardevol\/radio\/la-paraula-mes-maca-del-mon\/","title":{"rendered":"La paraula m\u00e9s maca del m\u00f3n"},"content":{"rendered":"<p>R\u00e0dio Pinaret al vostre costat i al costat de la cultura #SantJordi2016<\/p>\n<p><a href=\"http:\/\/www.joanardevol.org\/radio\/wp-content\/uploads\/2016\/04\/radio_pinaret_sant_jordi.jpg\"><img loading=\"lazy\" decoding=\"async\" class=\"alignnone wp-image-378\" src=\"http:\/\/www.joanardevol.org\/radio\/wp-content\/uploads\/2016\/04\/radio_pinaret_sant_jordi-300x205.jpg\" alt=\"radio_pinaret_sant_jordi\" width=\"463\" height=\"322\" \/><\/a><\/p>\n","protected":false},"excerpt":{"rendered":"<p>R\u00e0dio Pinaret al vostre costat i al costat de la cultura #SantJordi2016<br \/>\n<a href=\"http:\/\/www.joanardevol.org\/radio\/wp-content\/uploads\/2016\/04\/radio_pinaret_sant_jordi.jpg\"><\/a><\/p>\n","protected":false},"author":5,"featured_media":3917,"comment_status":"open","ping_status":"open","sticky":false,"template":"","format":"standard","meta":{"_bbp_topic_count":0,"_bbp_reply_count":0,"_bbp_total_topic_count":0,"_bbp_total_reply_count":0,"_bbp_voice_count":0,"_bbp_anonymous_reply_count":0,"_bbp_topic_count_hidden":0,"_bbp_reply_count_hidden":0,"_bbp_forum_subforum_count":0,"footnotes":""},"categories":[197],"tags":[],"class_list":["post-376","post","type-post","status-publish","format-standard","has-post-thumbnail","hentry","category-radio"],"post_mailing_queue_ids":[],"_links":{"self":[{"href":"https:\/\/agora.xtec.cat\/escjoanardevol\/wp-json\/wp\/v2\/posts\/376","targetHints":{"allow":["GET"]}}],"collection":[{"href":"https:\/\/agora.xtec.cat\/escjoanardevol\/wp-json\/wp\/v2\/posts"}],"about":[{"href":"https:\/\/agora.xtec.cat\/escjoanardevol\/wp-json\/wp\/v2\/types\/post"}],"author":[{"embeddable":true,"href":"https:\/\/agora.xtec.cat\/escjoanardevol\/wp-json\/wp\/v2\/users\/5"}],"replies":[{"embeddable":true,"href":"https:\/\/agora.xtec.cat\/escjoanardevol\/wp-json\/wp\/v2\/comments?post=376"}],"version-history":[{"count":1,"href":"https:\/\/agora.xtec.cat\/escjoanardevol\/wp-json\/wp\/v2\/posts\/376\/revisions"}],"predecessor-version":[{"id":3873,"href":"https:\/\/agora.xtec.cat\/escjoanardevol\/wp-json\/wp\/v2\/posts\/376\/revisions\/3873"}],"wp:featuredmedia":[{"embeddable":true,"href":"https:\/\/agora.xtec.cat\/escjoanardevol\/wp-json\/wp\/v2\/media\/3917"}],"wp:attachment":[{"href":"https:\/\/agora.xtec.cat\/escjoanardevol\/wp-json\/wp\/v2\/media?parent=376"}],"wp:term":[{"taxonomy":"category","embeddable":true,"href":"https:\/\/agora.xtec.cat\/escjoanardevol\/wp-json\/wp\/v2\/categories?post=376"},{"taxonomy":"post_tag","embeddable":true,"href":"https:\/\/agora.xtec.cat\/escjoanardevol\/wp-json\/wp\/v2\/tags?post=376"}],"curies":[{"name":"wp","href":"https:\/\/api.w.org\/{rel}","templated":true}]}}