{"id":3757,"date":"2014-06-05T19:57:38","date_gmt":"2014-06-05T19:57:38","guid":{"rendered":"http:\/\/joanardevol.org\/info\/?p=2692"},"modified":"2014-06-05T19:57:38","modified_gmt":"2014-06-05T19:57:38","slug":"el-zoo-de-lardevol-jornada-de-portes-obertes","status":"publish","type":"post","link":"https:\/\/agora.xtec.cat\/escjoanardevol\/general\/el-zoo-de-lardevol-jornada-de-portes-obertes\/","title":{"rendered":"El Zoo de l&#8217;Ard\u00e8vol: jornada de portes obertes"},"content":{"rendered":"<p>Convidem a tothom\u00a0a un gran acte que farem aquest curs: un <strong>Zoo<\/strong>.\u00a0El <strong>13 de juny<\/strong> farem una jornada de portes obertes, a les <strong>12:00 h<\/strong>.<br \/>\nAquest plantejament de Zoo, \u00e9s un fet in\u00e8dit que no s\u2019ha donat en cap de les escoles de les comarques de Tarragona.<\/p>\n<p>El zoo est\u00e0 inspirat en el llibre d\u2019en Sebasti\u00e0 Sorribes: \u201cEl Zoo d\u2019en Pitus\u201d. \u00c9s un llibre que ens parla d\u2019esperan\u00e7a, d\u2019amistat i d\u2019ajuda a l\u2019altre, a m\u00e9s de respecte pels animals. \u00c9s un acte que emmarquem dins el nostre <strong><span style=\"text-decoration: underline;\">projecte de conviv\u00e8ncia.<\/span><\/strong><br \/>\nEn Pitus \u00e9s un nen que est\u00e0 malalt i per curar-se ha de realitzar un llarg i cost\u00f3s viatge a Su\u00e8cia. Els amics de la colla d\u2019en Pitus se l\u2019estimen molt i volen fer alguna cosa per ajudar-lo. Entre tots decideixen muntar un Zoo en un solar del barri on viuen a fi de recaptar diners perqu\u00e8 en Pitus pugui viatjar a Su\u00e8cia i operar-se.<br \/>\nA l\u2019escola ens hem assabentat d\u2019una noia de Cambrils, l\u2019Anna, que es troba en una situaci\u00f3 similar i necessita viatjar a B\u00e8lgica per rebre el tractament que la curi. Per aix\u00f2 nosaltres tamb\u00e9 volem muntar el nostre propi zoo amb els animals que tenim a les nostres cases.<br \/>\nL\u2019entrada al zoo es pagar\u00e0 mitjan\u00e7ant donatius en forma de taps de pl\u00e0stic que lliurarem a l\u2019Ana el mateix dia a les 12:00 en un breu acte, i despr\u00e9s podrem visitar el zoo.<\/p>\n<p>Estem emocionats perqu\u00e8 tenim m\u00e9s de 100 animals (gossos, gats, peixos, tortugues, h\u00e0msters, ocells, animals de granja, un cavall i un poni amb un carro per passejar la canalla). Tamb\u00e9 estem neguitosos perqu\u00e8 volem que tot surti molt b\u00e9.<\/p>\n<p>La premsa ja se n&#8217;est\u00e0 fent ress\u00f2:<\/p>\n<figure class=\"figure wp-caption alignnone\"><a href=\"http:\/\/www.naciodigital.cat\/delcamp\/cambrilsdiari\/noticia\/1489\/escola\/joan\/ardevol\/organitza\/zoo\/solidari\/inspirat\/zoo\/pitus\" target=\"_blank\"><img loading=\"lazy\" decoding=\"async\" src=\"http:\/\/dades.grupnaciodigital.com\/logos\/cambrilsdiari.gif\" alt=\"\" width=\"570\" height=\"94\" \/><\/a><figcaption class=\"wp-caption-text\">cambrils diari<\/figcaption><\/figure>\n","protected":false},"excerpt":{"rendered":"<p>Convidem a tothom\u00a0a un gran acte que farem aquest curs: un Zoo.\u00a0El 13 de juny farem una jornada de portes obertes, a les 12:00 h.<br \/>\nAquest plantejament de Zoo, \u00e9s un fet in\u00e8dit que no s\u2019ha donat en cap de les escoles de les comarques de&hellip;  <a href=\"https:\/\/agora.xtec.cat\/escjoanardevol\/general\/el-zoo-de-lardevol-jornada-de-portes-obertes\/\" title=\"Read El Zoo de l&#8217;Ard\u00e8vol: jornada de portes obertes\">Llegeix m\u00e9s\u00bb<\/a><\/p>\n","protected":false},"author":1,"featured_media":0,"comment_status":"open","ping_status":"open","sticky":false,"template":"","format":"standard","meta":{"_bbp_topic_count":0,"_bbp_reply_count":0,"_bbp_total_topic_count":0,"_bbp_total_reply_count":0,"_bbp_voice_count":0,"_bbp_anonymous_reply_count":0,"_bbp_topic_count_hidden":0,"_bbp_reply_count_hidden":0,"_bbp_forum_subforum_count":0,"footnotes":""},"categories":[1],"tags":[59,93,94,128,148,187],"class_list":["post-3757","post","type-post","status-publish","format-standard","hentry","category-general","tag-activitats","tag-convivencia","tag-cooperacio","tag-jornades","tag-noticies","tag-valors"],"post_mailing_queue_ids":[],"_links":{"self":[{"href":"https:\/\/agora.xtec.cat\/escjoanardevol\/wp-json\/wp\/v2\/posts\/3757","targetHints":{"allow":["GET"]}}],"collection":[{"href":"https:\/\/agora.xtec.cat\/escjoanardevol\/wp-json\/wp\/v2\/posts"}],"about":[{"href":"https:\/\/agora.xtec.cat\/escjoanardevol\/wp-json\/wp\/v2\/types\/post"}],"author":[{"embeddable":true,"href":"https:\/\/agora.xtec.cat\/escjoanardevol\/wp-json\/wp\/v2\/users\/1"}],"replies":[{"embeddable":true,"href":"https:\/\/agora.xtec.cat\/escjoanardevol\/wp-json\/wp\/v2\/comments?post=3757"}],"version-history":[{"count":0,"href":"https:\/\/agora.xtec.cat\/escjoanardevol\/wp-json\/wp\/v2\/posts\/3757\/revisions"}],"wp:attachment":[{"href":"https:\/\/agora.xtec.cat\/escjoanardevol\/wp-json\/wp\/v2\/media?parent=3757"}],"wp:term":[{"taxonomy":"category","embeddable":true,"href":"https:\/\/agora.xtec.cat\/escjoanardevol\/wp-json\/wp\/v2\/categories?post=3757"},{"taxonomy":"post_tag","embeddable":true,"href":"https:\/\/agora.xtec.cat\/escjoanardevol\/wp-json\/wp\/v2\/tags?post=3757"}],"curies":[{"name":"wp","href":"https:\/\/api.w.org\/{rel}","templated":true}]}}