{"id":3752,"date":"2013-11-14T07:58:43","date_gmt":"2013-11-14T07:58:43","guid":{"rendered":"http:\/\/joanardevol.org\/info\/?p=1861"},"modified":"2013-11-14T07:58:43","modified_gmt":"2013-11-14T07:58:43","slug":"colonies-p5","status":"publish","type":"post","link":"https:\/\/agora.xtec.cat\/escjoanardevol\/general\/colonies-p5\/","title":{"rendered":"Col\u00f2nies P5"},"content":{"rendered":"<p>Els dies 7 i 8 de novembre, els nens i nenes de P5 v\u00e0rem anar a la casa de col\u00f2nies Marinada. V\u00e0rem passar dues jornades molt distretes i divertides. Ens va fer molt bon temps.<\/p>\n<p>Entre d&#8217;altres activitats, vam anar amb vaixell fins a Salou, v\u00e0rem fer un joc de pirates a la platja i al vespre un joc de nit amb llanternes.<\/p>\n<p>Varen ser dos dies FABULOSOS!<\/p>\n<p><a href=\"https:\/\/picasaweb.google.com\/104441221767343032393\/ColoniesP52013\" target=\"_blank\"><img loading=\"lazy\" decoding=\"async\" class=\"alignnone\" alt=\"\" src=\"https:\/\/lh4.googleusercontent.com\/-MZE9uNeGbmM\/UoHfG7pXdVI\/AAAAAAAAA8A\/pT5yY2Pipr0\/s912\/DSC00094.JPG\" width=\"547\" height=\"410\" \/><\/a><\/p>\n<p>Pots veure totes les fotos clicant damunt d&#8217;aquesta.<\/p>\n","protected":false},"excerpt":{"rendered":"<p>Els dies 7 i 8 de novembre, els nens i nenes de P5 v\u00e0rem anar a la casa de col\u00f2nies Marinada. V\u00e0rem passar dues jornades molt distretes i divertides. Ens va fer molt bon temps.<br \/>\nEntre d&#8217;altres activitats, vam anar amb vaixell fins a Salou, v\u00e0rem&hellip;  <a href=\"https:\/\/agora.xtec.cat\/escjoanardevol\/general\/colonies-p5\/\" title=\"Read Col\u00f2nies P5\">Llegeix m\u00e9s\u00bb<\/a><\/p>\n","protected":false},"author":1,"featured_media":0,"comment_status":"open","ping_status":"open","sticky":false,"template":"","format":"standard","meta":{"_bbp_topic_count":0,"_bbp_reply_count":0,"_bbp_total_topic_count":0,"_bbp_total_reply_count":0,"_bbp_voice_count":0,"_bbp_anonymous_reply_count":0,"_bbp_topic_count_hidden":0,"_bbp_reply_count_hidden":0,"_bbp_forum_subforum_count":0,"footnotes":""},"categories":[1,2],"tags":[86,93,103,16],"class_list":["post-3752","post","type-post","status-publish","format-standard","hentry","category-general","category-infantil","tag-colonies","tag-convivencia","tag-educacio-infantil","tag-sortides"],"post_mailing_queue_ids":[],"_links":{"self":[{"href":"https:\/\/agora.xtec.cat\/escjoanardevol\/wp-json\/wp\/v2\/posts\/3752","targetHints":{"allow":["GET"]}}],"collection":[{"href":"https:\/\/agora.xtec.cat\/escjoanardevol\/wp-json\/wp\/v2\/posts"}],"about":[{"href":"https:\/\/agora.xtec.cat\/escjoanardevol\/wp-json\/wp\/v2\/types\/post"}],"author":[{"embeddable":true,"href":"https:\/\/agora.xtec.cat\/escjoanardevol\/wp-json\/wp\/v2\/users\/1"}],"replies":[{"embeddable":true,"href":"https:\/\/agora.xtec.cat\/escjoanardevol\/wp-json\/wp\/v2\/comments?post=3752"}],"version-history":[{"count":0,"href":"https:\/\/agora.xtec.cat\/escjoanardevol\/wp-json\/wp\/v2\/posts\/3752\/revisions"}],"wp:attachment":[{"href":"https:\/\/agora.xtec.cat\/escjoanardevol\/wp-json\/wp\/v2\/media?parent=3752"}],"wp:term":[{"taxonomy":"category","embeddable":true,"href":"https:\/\/agora.xtec.cat\/escjoanardevol\/wp-json\/wp\/v2\/categories?post=3752"},{"taxonomy":"post_tag","embeddable":true,"href":"https:\/\/agora.xtec.cat\/escjoanardevol\/wp-json\/wp\/v2\/tags?post=3752"}],"curies":[{"name":"wp","href":"https:\/\/api.w.org\/{rel}","templated":true}]}}