{"id":3750,"date":"2011-04-27T11:01:10","date_gmt":"2011-04-27T11:01:10","guid":{"rendered":"http:\/\/joanardevol.org\/infantil\/?p=232"},"modified":"2011-04-27T11:01:10","modified_gmt":"2011-04-27T11:01:10","slug":"visitem-la-biblioteca-municipal-de-cambrils","status":"publish","type":"post","link":"https:\/\/agora.xtec.cat\/escjoanardevol\/general\/visitem-la-biblioteca-municipal-de-cambrils\/","title":{"rendered":"Visitem la Biblioteca Municipal de Cambrils!"},"content":{"rendered":"<p><a rel=\"attachment wp-att-233\" href=\"http:\/\/joanardevol.org\/infantil\/?attachment_id=233\"><img loading=\"lazy\" decoding=\"async\" class=\"alignleft\" title=\"IMG_8880\" src=\"http:\/\/joanardevol.org\/wp-content\/uploads\/2011\/04\/IMG_8880-150x150.jpg\" alt=\"\" width=\"150\" height=\"150\" \/><\/a><\/p>\n<p>Aquest mat\u00ed els nens i nenes de P4 hem\u00a0 visitat la Biblioteca Municipal de Cambrils.<\/p>\n<p>La bibliotec\u00e0ria ens ha ensenyat on estaven els llibres que pod\u00edem llegir, CDs de m\u00fasica i fins i tot, jocs d&#8217;ordinador.<\/p>\n<p style=\"text-align: center;\"><a rel=\"attachment wp-att-234\" href=\"http:\/\/joanardevol.org\/infantil\/?attachment_id=234\"><\/a><a rel=\"attachment wp-att-234\" href=\"http:\/\/joanardevol.org\/infantil\/?attachment_id=234\"><img loading=\"lazy\" decoding=\"async\" class=\"aligncenter size-medium wp-image-234\" title=\"IMG_8870\" src=\"http:\/\/joanardevol.org\/infantil\/wp-content\/uploads\/2011\/04\/IMG_8870-300x224.jpg\" alt=\"\" width=\"300\" height=\"224\" \/><\/a><\/p>\n<p>En acabar, ens ha deixat mirar alguns contes i hem fet una fitxa on hav\u00edem d&#8217;enganxar gomets a tot all\u00f2 que no es pot fer a una biblioteca: menjar, dormir, cantar&#8230;<\/p>\n<p style=\"text-align: center;\"><a rel=\"attachment wp-att-238\" href=\"http:\/\/joanardevol.org\/infantil\/?attachment_id=238\"><img loading=\"lazy\" decoding=\"async\" class=\"alignnone size-thumbnail wp-image-238\" title=\"IMG_8893\" src=\"http:\/\/joanardevol.org\/infantil\/wp-content\/uploads\/2011\/04\/IMG_8893-150x150.jpg\" alt=\"\" width=\"150\" height=\"150\" \/><\/a><a rel=\"attachment wp-att-239\" href=\"http:\/\/joanardevol.org\/infantil\/?attachment_id=239\"><img loading=\"lazy\" decoding=\"async\" class=\"alignright size-thumbnail wp-image-239\" title=\"IMG_8878\" src=\"http:\/\/joanardevol.org\/infantil\/wp-content\/uploads\/2011\/04\/IMG_8878-150x150.jpg\" alt=\"\" width=\"150\" height=\"150\" \/><\/a><\/p>\n<p>Ens ha agradat molt anar a la Biblioteca!<\/p>\n<p><a rel=\"attachment wp-att-235\" href=\"http:\/\/joanardevol.org\/infantil\/?attachment_id=235\"><br \/>\n<\/a><\/p>\n","protected":false},"excerpt":{"rendered":"<p>Aquest mat\u00ed els nens i nenes de P4 hem\u00a0 visitat la Biblioteca Municipal de Cambrils. La bibliotec\u00e0ria ens ha ensenyat on estaven els llibres que pod\u00edem llegir, CDs de m\u00fasica i fins i tot, jocs d&#8217;ordinador. En acabar, ens ha &#8230; <a href=\"http:\/\/joanardevol.org\/infantil\/?p=232\">Continua llegint <span>&#8594;<\/span><\/a>&hellip;  <a href=\"https:\/\/agora.xtec.cat\/escjoanardevol\/general\/visitem-la-biblioteca-municipal-de-cambrils\/\" title=\"Read Visitem la Biblioteca Municipal de Cambrils!\">Llegeix m\u00e9s\u00bb<\/a><\/p>\n","protected":false},"author":1,"featured_media":0,"comment_status":"open","ping_status":"closed","sticky":false,"template":"","format":"standard","meta":{"_bbp_topic_count":0,"_bbp_reply_count":0,"_bbp_total_topic_count":0,"_bbp_total_reply_count":0,"_bbp_voice_count":0,"_bbp_anonymous_reply_count":0,"_bbp_topic_count_hidden":0,"_bbp_reply_count_hidden":0,"_bbp_forum_subforum_count":0,"footnotes":""},"categories":[1],"tags":[],"class_list":["post-3750","post","type-post","status-publish","format-standard","hentry","category-general"],"post_mailing_queue_ids":[],"_links":{"self":[{"href":"https:\/\/agora.xtec.cat\/escjoanardevol\/wp-json\/wp\/v2\/posts\/3750","targetHints":{"allow":["GET"]}}],"collection":[{"href":"https:\/\/agora.xtec.cat\/escjoanardevol\/wp-json\/wp\/v2\/posts"}],"about":[{"href":"https:\/\/agora.xtec.cat\/escjoanardevol\/wp-json\/wp\/v2\/types\/post"}],"author":[{"embeddable":true,"href":"https:\/\/agora.xtec.cat\/escjoanardevol\/wp-json\/wp\/v2\/users\/1"}],"replies":[{"embeddable":true,"href":"https:\/\/agora.xtec.cat\/escjoanardevol\/wp-json\/wp\/v2\/comments?post=3750"}],"version-history":[{"count":0,"href":"https:\/\/agora.xtec.cat\/escjoanardevol\/wp-json\/wp\/v2\/posts\/3750\/revisions"}],"wp:attachment":[{"href":"https:\/\/agora.xtec.cat\/escjoanardevol\/wp-json\/wp\/v2\/media?parent=3750"}],"wp:term":[{"taxonomy":"category","embeddable":true,"href":"https:\/\/agora.xtec.cat\/escjoanardevol\/wp-json\/wp\/v2\/categories?post=3750"},{"taxonomy":"post_tag","embeddable":true,"href":"https:\/\/agora.xtec.cat\/escjoanardevol\/wp-json\/wp\/v2\/tags?post=3750"}],"curies":[{"name":"wp","href":"https:\/\/api.w.org\/{rel}","templated":true}]}}