{"id":3748,"date":"2011-04-01T09:40:40","date_gmt":"2011-04-01T09:40:40","guid":{"rendered":"http:\/\/joanardevol.org\/primaria\/?p=419"},"modified":"2011-04-01T09:40:40","modified_gmt":"2011-04-01T09:40:40","slug":"expressio-artistica","status":"publish","type":"post","link":"https:\/\/agora.xtec.cat\/escjoanardevol\/general\/expressio-artistica\/","title":{"rendered":"Expressi\u00f3 art\u00edstica"},"content":{"rendered":"<p><span style=\"font-family: Massallera;\"><span style=\"font-size: x-large;\">Els nens i les nenes de 1r fem expressi\u00f3 art\u00edstica amb la senyoreta Jordina i ens ho passem molt b\u00e9! Mireu\u2026<\/span><\/span><\/p>\n<p><span style=\"font-family: Massallera;\"><span style=\"font-size: x-large;\"><a href=\"http:\/\/joanardevol.org\/primaria\/wp-content\/uploads\/2011\/04\/043.jpg\"><img loading=\"lazy\" decoding=\"async\" class=\"alignleft size-medium wp-image-420\" title=\"043\" src=\"http:\/\/joanardevol.org\/primaria\/wp-content\/uploads\/2011\/04\/043-300x219.jpg\" alt=\"\" width=\"300\" height=\"219\" \/><br \/>\n<\/a><\/span><\/span><a href=\"http:\/\/joanardevol.org\/primaria\/wp-content\/uploads\/2011\/04\/Expressi%C3%B3-art%C3%ADstica-001.jpg\"><br \/>\n<\/a><a href=\"http:\/\/joanardevol.org\/primaria\/wp-content\/uploads\/2011\/04\/047.jpg\"><br \/>\n<img loading=\"lazy\" decoding=\"async\" class=\"size-medium wp-image-421 alignleft\" title=\"047\" src=\"http:\/\/joanardevol.org\/primaria\/wp-content\/uploads\/2011\/04\/047-300x219.jpg\" alt=\"\" width=\"300\" height=\"219\" \/><br \/>\n<\/a><\/p>\n<p style=\"text-align: left;\"><span style=\"font-family: Massallera;\"><span style=\"font-size: x-large;\"><a href=\"http:\/\/joanardevol.org\/primaria\/wp-content\/uploads\/2011\/04\/Expressi%C3%B3-art%C3%ADstica-001.jpg\"><img loading=\"lazy\" decoding=\"async\" class=\"size-large wp-image-422 alignleft\" title=\"Expressi\u00f3 art\u00edstica 001\" src=\"http:\/\/joanardevol.org\/primaria\/wp-content\/uploads\/2011\/04\/Expressi%C3%B3-art%C3%ADstica-001-1024x749.jpg\" alt=\"\" width=\"448\" height=\"328\" \/><\/a><br \/>\n<\/span><\/span><\/p>\n","protected":false},"excerpt":{"rendered":"<p>Els nens i les nenes de 1r fem expressi\u00f3 art\u00edstica amb la senyoreta Jordina i ens ho passem molt b\u00e9! Mireu&#8230;<\/p>\n<p>&hellip;  <a href=\"https:\/\/agora.xtec.cat\/escjoanardevol\/general\/expressio-artistica\/\" title=\"Read Expressi\u00f3 art\u00edstica\">Llegeix m\u00e9s\u00bb<\/a><\/p>\n","protected":false},"author":1,"featured_media":0,"comment_status":"open","ping_status":"closed","sticky":false,"template":"","format":"standard","meta":{"_bbp_topic_count":0,"_bbp_reply_count":0,"_bbp_total_topic_count":0,"_bbp_total_reply_count":0,"_bbp_voice_count":0,"_bbp_anonymous_reply_count":0,"_bbp_topic_count_hidden":0,"_bbp_reply_count_hidden":0,"_bbp_forum_subforum_count":0,"footnotes":""},"categories":[10,1],"tags":[75],"class_list":["post-3748","post","type-post","status-publish","format-standard","hentry","category-1r","category-general","tag-cicle-inicial"],"post_mailing_queue_ids":[],"_links":{"self":[{"href":"https:\/\/agora.xtec.cat\/escjoanardevol\/wp-json\/wp\/v2\/posts\/3748","targetHints":{"allow":["GET"]}}],"collection":[{"href":"https:\/\/agora.xtec.cat\/escjoanardevol\/wp-json\/wp\/v2\/posts"}],"about":[{"href":"https:\/\/agora.xtec.cat\/escjoanardevol\/wp-json\/wp\/v2\/types\/post"}],"author":[{"embeddable":true,"href":"https:\/\/agora.xtec.cat\/escjoanardevol\/wp-json\/wp\/v2\/users\/1"}],"replies":[{"embeddable":true,"href":"https:\/\/agora.xtec.cat\/escjoanardevol\/wp-json\/wp\/v2\/comments?post=3748"}],"version-history":[{"count":0,"href":"https:\/\/agora.xtec.cat\/escjoanardevol\/wp-json\/wp\/v2\/posts\/3748\/revisions"}],"wp:attachment":[{"href":"https:\/\/agora.xtec.cat\/escjoanardevol\/wp-json\/wp\/v2\/media?parent=3748"}],"wp:term":[{"taxonomy":"category","embeddable":true,"href":"https:\/\/agora.xtec.cat\/escjoanardevol\/wp-json\/wp\/v2\/categories?post=3748"},{"taxonomy":"post_tag","embeddable":true,"href":"https:\/\/agora.xtec.cat\/escjoanardevol\/wp-json\/wp\/v2\/tags?post=3748"}],"curies":[{"name":"wp","href":"https:\/\/api.w.org\/{rel}","templated":true}]}}