{"id":3746,"date":"2011-03-18T12:24:45","date_gmt":"2011-03-18T12:24:45","guid":{"rendered":"http:\/\/joanardevol.org\/primaria\/?p=348"},"modified":"2011-03-18T12:24:45","modified_gmt":"2011-03-18T12:24:45","slug":"carnaval-2011","status":"publish","type":"post","link":"https:\/\/agora.xtec.cat\/escjoanardevol\/general\/carnaval-2011\/","title":{"rendered":"Carnaval 2011"},"content":{"rendered":"<p><strong> <\/strong><\/p>\n<p>Divendres 4 de mar\u00e7 vam celebrar el carnaval a l\u2019escola. Els alumnes de cicle inicial i mitj\u00e0 van portar unes disfresses espectaculars\u00a0 per la desfilada del divendres. A m\u00e9s, durant tota la setmana, van seguir les consignes del rei Carnestoltes.<\/p>\n<p style=\"text-align: left;\">Els a<a href=\"http:\/\/joanardevol.org\/primaria\/wp-content\/uploads\/2011\/03\/IMG_0912.jpg\"><img loading=\"lazy\" decoding=\"async\" class=\"size-thumbnail wp-image-362 alignleft\" title=\"IMG_0912\" src=\"http:\/\/joanardevol.org\/primaria\/wp-content\/uploads\/2011\/03\/IMG_0912-150x150.jpg\" alt=\"\" width=\"150\" height=\"150\" \/><\/a>lumnes de cicle superior van dissenyar i confeccionar les seves pr\u00f2pies disfresses. Es van organitzar en petits grups, van decidir de qu\u00e8 es disfressarien, i amb bosses de pl\u00e0stic i materials reciclats van elaborar els vestits i complements.<\/p>\n<p>Tot plegat va ser molt divertit, no nom\u00e9s la desfilada i la festa del divendres a la tarda, sin\u00f3 tamb\u00e9 tot el proc\u00e8s d\u2019elaboraci\u00f3 de les disfresses.<\/p>\n<p>A m\u00e9s, gr\u00e0cies a l\u2019AMPA, vam berenar coca amb xocolata. Mmmm\u2026. bon\u00edssim!<\/p>\n<p><a href=\"http:\/\/joanardevol.org\/primaria\/wp-content\/uploads\/2011\/03\/DSCF1571.jpg\"><img loading=\"lazy\" decoding=\"async\" class=\"alignleft size-thumbnail wp-image-352\" title=\"DSCF1571\" src=\"http:\/\/joanardevol.org\/primaria\/wp-content\/uploads\/2011\/03\/DSCF1571-150x150.jpg\" alt=\"\" width=\"150\" height=\"150\" \/><\/a><a href=\"http:\/\/joanardevol.org\/primaria\/wp-content\/uploads\/2011\/03\/IMG_0104.jpg\"><img loading=\"lazy\" decoding=\"async\" class=\"alignleft size-thumbnail wp-image-365\" title=\"IMG_0104\" src=\"http:\/\/joanardevol.org\/primaria\/wp-content\/uploads\/2011\/03\/IMG_0104-150x150.jpg\" alt=\"\" width=\"150\" height=\"150\" \/><\/a><a href=\"http:\/\/joanardevol.org\/primaria\/wp-content\/uploads\/2011\/03\/IMG_0107.jpg\"><img loading=\"lazy\" decoding=\"async\" class=\"alignleft size-thumbnail wp-image-367\" title=\"IMG_0107\" src=\"http:\/\/joanardevol.org\/primaria\/wp-content\/uploads\/2011\/03\/IMG_0107-150x150.jpg\" alt=\"\" width=\"150\" height=\"150\" \/><\/a><a href=\"http:\/\/joanardevol.org\/primaria\/wp-content\/uploads\/2011\/03\/IMG_0116.jpg\"><img loading=\"lazy\" decoding=\"async\" class=\"alignleft size-thumbnail wp-image-369\" title=\"IMG_0116\" src=\"http:\/\/joanardevol.org\/primaria\/wp-content\/uploads\/2011\/03\/IMG_0116-150x150.jpg\" alt=\"\" width=\"150\" height=\"150\" \/><\/a><a href=\"http:\/\/joanardevol.org\/primaria\/wp-content\/uploads\/2011\/03\/IMG_0128.jpg\"><img loading=\"lazy\" decoding=\"async\" class=\"alignleft size-thumbnail wp-image-371\" title=\"IMG_0128\" src=\"http:\/\/joanardevol.org\/primaria\/wp-content\/uploads\/2011\/03\/IMG_0128-150x150.jpg\" alt=\"\" width=\"150\" height=\"150\" \/><\/a><a href=\"http:\/\/joanardevol.org\/primaria\/wp-content\/uploads\/2011\/03\/IMG_0049.jpg\"><img loading=\"lazy\" decoding=\"async\" class=\"alignleft size-thumbnail wp-image-373\" title=\"IMG_0049\" src=\"http:\/\/joanardevol.org\/primaria\/wp-content\/uploads\/2011\/03\/IMG_0049-150x150.jpg\" alt=\"\" width=\"150\" height=\"150\" \/><\/a><a href=\"http:\/\/joanardevol.org\/primaria\/wp-content\/uploads\/2011\/03\/IMG_0060.jpg\"><img loading=\"lazy\" decoding=\"async\" class=\"alignleft size-thumbnail wp-image-375\" title=\"IMG_0060\" src=\"http:\/\/joanardevol.org\/primaria\/wp-content\/uploads\/2011\/03\/IMG_0060-150x150.jpg\" alt=\"\" width=\"150\" height=\"150\" \/><\/a><\/p>\n<p><a href=\"http:\/\/joanardevol.org\/primaria\/wp-content\/uploads\/2011\/03\/IMG_09072.jpg\"><img loading=\"lazy\" decoding=\"async\" class=\"alignleft size-thumbnail wp-image-377\" title=\"IMG_0907\" src=\"http:\/\/joanardevol.org\/primaria\/wp-content\/uploads\/2011\/03\/IMG_09072-150x150.jpg\" alt=\"\" width=\"150\" height=\"150\" \/><\/a><a href=\"http:\/\/joanardevol.org\/primaria\/wp-content\/uploads\/2011\/03\/DSCF15201.jpg\"><img loading=\"lazy\" decoding=\"async\" class=\"alignleft size-thumbnail wp-image-381\" title=\"DSCF1520\" src=\"http:\/\/joanardevol.org\/primaria\/wp-content\/uploads\/2011\/03\/DSCF15201-150x150.jpg\" alt=\"\" width=\"150\" height=\"150\" \/><\/a><\/p>\n","protected":false},"excerpt":{"rendered":"<p>Divendres 4 de mar\u00e7 vam celebrar el carnaval a l\u2019escola. Els alumnes de cicle inicial i mitj\u00e0 van portar unes disfresses espectaculars\u00a0 per la desfilada del divendres. A m\u00e9s, durant tota la setmana, van seguir les consignes del rei Carnestoltes. &#8230; <a href=\"http:\/\/joanardevol.org\/primaria\/?p=348\">Continua llegint <span>&#8594;<\/span><\/a>&hellip;  <a href=\"https:\/\/agora.xtec.cat\/escjoanardevol\/general\/carnaval-2011\/\" title=\"Read Carnaval 2011\">Llegeix m\u00e9s\u00bb<\/a><\/p>\n","protected":false},"author":1,"featured_media":0,"comment_status":"open","ping_status":"closed","sticky":false,"template":"","format":"standard","meta":{"_bbp_topic_count":0,"_bbp_reply_count":0,"_bbp_total_topic_count":0,"_bbp_total_reply_count":0,"_bbp_voice_count":0,"_bbp_anonymous_reply_count":0,"_bbp_topic_count_hidden":0,"_bbp_reply_count_hidden":0,"_bbp_forum_subforum_count":0,"footnotes":""},"categories":[1],"tags":[],"class_list":["post-3746","post","type-post","status-publish","format-standard","hentry","category-general"],"post_mailing_queue_ids":[],"_links":{"self":[{"href":"https:\/\/agora.xtec.cat\/escjoanardevol\/wp-json\/wp\/v2\/posts\/3746","targetHints":{"allow":["GET"]}}],"collection":[{"href":"https:\/\/agora.xtec.cat\/escjoanardevol\/wp-json\/wp\/v2\/posts"}],"about":[{"href":"https:\/\/agora.xtec.cat\/escjoanardevol\/wp-json\/wp\/v2\/types\/post"}],"author":[{"embeddable":true,"href":"https:\/\/agora.xtec.cat\/escjoanardevol\/wp-json\/wp\/v2\/users\/1"}],"replies":[{"embeddable":true,"href":"https:\/\/agora.xtec.cat\/escjoanardevol\/wp-json\/wp\/v2\/comments?post=3746"}],"version-history":[{"count":0,"href":"https:\/\/agora.xtec.cat\/escjoanardevol\/wp-json\/wp\/v2\/posts\/3746\/revisions"}],"wp:attachment":[{"href":"https:\/\/agora.xtec.cat\/escjoanardevol\/wp-json\/wp\/v2\/media?parent=3746"}],"wp:term":[{"taxonomy":"category","embeddable":true,"href":"https:\/\/agora.xtec.cat\/escjoanardevol\/wp-json\/wp\/v2\/categories?post=3746"},{"taxonomy":"post_tag","embeddable":true,"href":"https:\/\/agora.xtec.cat\/escjoanardevol\/wp-json\/wp\/v2\/tags?post=3746"}],"curies":[{"name":"wp","href":"https:\/\/api.w.org\/{rel}","templated":true}]}}