{"id":3744,"date":"2011-03-02T11:43:27","date_gmt":"2011-03-02T11:43:27","guid":{"rendered":"http:\/\/joanardevol.org\/infantil\/?p=162"},"modified":"2011-03-02T11:43:27","modified_gmt":"2011-03-02T11:43:27","slug":"p5-ha-anat-de-colonies","status":"publish","type":"post","link":"https:\/\/agora.xtec.cat\/escjoanardevol\/infantil\/p5-ha-anat-de-colonies\/","title":{"rendered":"P5 ha anat de col\u00f2nies!"},"content":{"rendered":"<p>Dijous 17 i divendres 18 de febrer, vam anar a la casa de col\u00f2nies &#8220;Marinada&#8221; de Cambrils.<\/p>\n<p>Ens ho vam passar d&#8217;all\u00f2 m\u00e9s b\u00e9! Ens vam disfressar de pirates, vam anar amb vaixell i vam poder tocar els peixos. Fins i tot ens van fer un regal quan vam marxar.<\/p>\n<p>Va ser una gran aventura!<br \/>\n<a rel=\"attachment wp-att-167\" href=\"http:\/\/joanardevol.org\/infantil\/?attachment_id=167\"><img loading=\"lazy\" decoding=\"async\" class=\"size-medium wp-image-167 alignnone\" title=\"IMG_0262\" src=\"http:\/\/joanardevol.org\/infantil\/wp-content\/uploads\/2011\/03\/IMG_0262-300x225.jpg\" alt=\"\" width=\"301\" height=\"226\" \/><\/a><a rel=\"attachment wp-att-166\" href=\"http:\/\/joanardevol.org\/infantil\/?attachment_id=166\"><img loading=\"lazy\" decoding=\"async\" class=\"alignright size-medium wp-image-166\" title=\"IMG_0202\" src=\"http:\/\/joanardevol.org\/infantil\/wp-content\/uploads\/2011\/03\/IMG_0202-300x225.jpg\" alt=\"\" width=\"300\" height=\"225\" \/><\/a><\/p>\n<p><a rel=\"attachment wp-att-164\" href=\"http:\/\/joanardevol.org\/infantil\/?attachment_id=164\"><img loading=\"lazy\" decoding=\"async\" class=\"alignleft size-medium wp-image-164\" title=\"CIMG0262\" src=\"http:\/\/joanardevol.org\/infantil\/wp-content\/uploads\/2011\/03\/CIMG0262-300x200.jpg\" alt=\"\" width=\"300\" height=\"200\" \/><\/a><a rel=\"attachment wp-att-163\" href=\"http:\/\/joanardevol.org\/infantil\/?attachment_id=163\"><img loading=\"lazy\" decoding=\"async\" class=\"size-medium wp-image-163 alignnone\" title=\"CIMG0182\" src=\"http:\/\/joanardevol.org\/infantil\/wp-content\/uploads\/2011\/03\/CIMG0182-300x200.jpg\" alt=\"\" width=\"300\" height=\"200\" \/><\/a><\/p>\n","protected":false},"excerpt":{"rendered":"<p>Dijous 17 i divendres 18 de febrer, vam anar a la casa de col\u00f2nies &#8220;Marinada&#8221; de Cambrils. Ens ho vam passar d&#8217;all\u00f2 m\u00e9s b\u00e9! Ens vam disfressar de pirates, vam anar amb vaixell i vam poder tocar els peixos. Fins &#8230; <a href=\"http:\/\/joanardevol.org\/infantil\/?p=162\">Continua llegint <span>&#8594;<\/span><\/a>&hellip;  <a href=\"https:\/\/agora.xtec.cat\/escjoanardevol\/infantil\/p5-ha-anat-de-colonies\/\" title=\"Read P5 ha anat de col\u00f2nies!\">Llegeix m\u00e9s\u00bb<\/a><\/p>\n","protected":false},"author":1,"featured_media":0,"comment_status":"open","ping_status":"closed","sticky":false,"template":"","format":"standard","meta":{"_bbp_topic_count":0,"_bbp_reply_count":0,"_bbp_total_topic_count":0,"_bbp_total_reply_count":0,"_bbp_voice_count":0,"_bbp_anonymous_reply_count":0,"_bbp_topic_count_hidden":0,"_bbp_reply_count_hidden":0,"_bbp_forum_subforum_count":0,"footnotes":""},"categories":[2],"tags":[],"class_list":["post-3744","post","type-post","status-publish","format-standard","hentry","category-infantil"],"post_mailing_queue_ids":[],"_links":{"self":[{"href":"https:\/\/agora.xtec.cat\/escjoanardevol\/wp-json\/wp\/v2\/posts\/3744","targetHints":{"allow":["GET"]}}],"collection":[{"href":"https:\/\/agora.xtec.cat\/escjoanardevol\/wp-json\/wp\/v2\/posts"}],"about":[{"href":"https:\/\/agora.xtec.cat\/escjoanardevol\/wp-json\/wp\/v2\/types\/post"}],"author":[{"embeddable":true,"href":"https:\/\/agora.xtec.cat\/escjoanardevol\/wp-json\/wp\/v2\/users\/1"}],"replies":[{"embeddable":true,"href":"https:\/\/agora.xtec.cat\/escjoanardevol\/wp-json\/wp\/v2\/comments?post=3744"}],"version-history":[{"count":0,"href":"https:\/\/agora.xtec.cat\/escjoanardevol\/wp-json\/wp\/v2\/posts\/3744\/revisions"}],"wp:attachment":[{"href":"https:\/\/agora.xtec.cat\/escjoanardevol\/wp-json\/wp\/v2\/media?parent=3744"}],"wp:term":[{"taxonomy":"category","embeddable":true,"href":"https:\/\/agora.xtec.cat\/escjoanardevol\/wp-json\/wp\/v2\/categories?post=3744"},{"taxonomy":"post_tag","embeddable":true,"href":"https:\/\/agora.xtec.cat\/escjoanardevol\/wp-json\/wp\/v2\/tags?post=3744"}],"curies":[{"name":"wp","href":"https:\/\/api.w.org\/{rel}","templated":true}]}}