{"id":3742,"date":"2011-02-16T11:16:39","date_gmt":"2011-02-16T11:16:39","guid":{"rendered":"http:\/\/joanardevol.org\/primaria\/?p=251"},"modified":"2011-02-16T11:16:39","modified_gmt":"2011-02-16T11:16:39","slug":"hem-anat-al-teatre-bartrina","status":"publish","type":"post","link":"https:\/\/agora.xtec.cat\/escjoanardevol\/general\/hem-anat-al-teatre-bartrina\/","title":{"rendered":"Hem anat al teatre Bartrina!"},"content":{"rendered":"<p>El dia 4 de febrer vam anar al teatre Bartrina de Reus.<\/p>\n<p>Vam veure l\u2019 obra <strong><em>\u201cJa no tinc por\u201d<\/em><\/strong> de la companyia \u201cCastigats sense pati\u201d.<\/p>\n<p>Un dels protagonistes era un nen que tenia por d<a href=\"http:\/\/joanardevol.org\/primaria\/wp-content\/uploads\/2011\/02\/clip_image002.jpg\"><\/a><a href=\"http:\/\/joanardevol.org\/primaria\/wp-content\/uploads\/2011\/02\/clip_image002.jpg\"><img loading=\"lazy\" decoding=\"async\" class=\"alignleft size-full wp-image-252\" title=\"clip_image002\" src=\"http:\/\/joanardevol.org\/primaria\/wp-content\/uploads\/2011\/02\/clip_image002.jpg\" alt=\"\" width=\"168\" height=\"126\" \/><\/a>e moltes coses, del dia, de la nit, del carrer, de la gent, de l\u2019escola &#8230; Durant l\u2019obra, la seva germana , una amiga i un ve\u00ed decideixen ensenyar-li que no s\u2019ha de tenir por de totes les coses que ens envolten. Al final, el nen no nom\u00e9s perd la por, sin\u00f3 que fa una broma als seus companys i els espanta una mica.<\/p>\n<p>Va ser molt divertit i ens va agradar molt. A m\u00e9s vam aprendre que nom\u00e9s hem de tenir por quan una cosa \u00e9s realment perillosa.<\/p>\n<p><a href=\"http:\/\/joanardevol.org\/primaria\/wp-content\/uploads\/2011\/02\/dibuix.bmp\"><img loading=\"lazy\" decoding=\"async\" class=\"size-full wp-image-295 alignleft\" title=\"dibuix\" src=\"http:\/\/joanardevol.org\/primaria\/wp-content\/uploads\/2011\/02\/dibuix.bmp\" alt=\"\" width=\"260\" height=\"190\" \/><\/a><a href=\"http:\/\/joanardevol.org\/primaria\/wp-content\/uploads\/2011\/02\/dibuix-2.bmp\"><img decoding=\"async\" class=\"alignright size-full wp-image-296\" title=\"dibuix 2\" src=\"http:\/\/joanardevol.org\/primaria\/wp-content\/uploads\/2011\/02\/dibuix-2.bmp\" alt=\"\" \/><\/a><\/p>\n","protected":false},"excerpt":{"rendered":"<p>El dia 4 de febrer vam anar al teatre Bartrina de Reus. Vam veure l\u2019 obra \u201cJa no tinc por\u201d de la companyia \u201cCastigats sense pati\u201d. Un dels protagonistes era un nen que tenia por de moltes coses, del dia, &#8230; <a href=\"http:\/\/joanardevol.org\/primaria\/?p=251\">Continua llegint <span>&#8594;<\/span><\/a>&hellip;  <a href=\"https:\/\/agora.xtec.cat\/escjoanardevol\/general\/hem-anat-al-teatre-bartrina\/\" title=\"Read Hem anat al teatre Bartrina!\">Llegeix m\u00e9s\u00bb<\/a><\/p>\n","protected":false},"author":1,"featured_media":0,"comment_status":"open","ping_status":"closed","sticky":false,"template":"","format":"standard","meta":{"_bbp_topic_count":0,"_bbp_reply_count":0,"_bbp_total_topic_count":0,"_bbp_total_reply_count":0,"_bbp_voice_count":0,"_bbp_anonymous_reply_count":0,"_bbp_topic_count_hidden":0,"_bbp_reply_count_hidden":0,"_bbp_forum_subforum_count":0,"footnotes":""},"categories":[10,1],"tags":[],"class_list":["post-3742","post","type-post","status-publish","format-standard","hentry","category-1r","category-general"],"post_mailing_queue_ids":[],"_links":{"self":[{"href":"https:\/\/agora.xtec.cat\/escjoanardevol\/wp-json\/wp\/v2\/posts\/3742","targetHints":{"allow":["GET"]}}],"collection":[{"href":"https:\/\/agora.xtec.cat\/escjoanardevol\/wp-json\/wp\/v2\/posts"}],"about":[{"href":"https:\/\/agora.xtec.cat\/escjoanardevol\/wp-json\/wp\/v2\/types\/post"}],"author":[{"embeddable":true,"href":"https:\/\/agora.xtec.cat\/escjoanardevol\/wp-json\/wp\/v2\/users\/1"}],"replies":[{"embeddable":true,"href":"https:\/\/agora.xtec.cat\/escjoanardevol\/wp-json\/wp\/v2\/comments?post=3742"}],"version-history":[{"count":0,"href":"https:\/\/agora.xtec.cat\/escjoanardevol\/wp-json\/wp\/v2\/posts\/3742\/revisions"}],"wp:attachment":[{"href":"https:\/\/agora.xtec.cat\/escjoanardevol\/wp-json\/wp\/v2\/media?parent=3742"}],"wp:term":[{"taxonomy":"category","embeddable":true,"href":"https:\/\/agora.xtec.cat\/escjoanardevol\/wp-json\/wp\/v2\/categories?post=3742"},{"taxonomy":"post_tag","embeddable":true,"href":"https:\/\/agora.xtec.cat\/escjoanardevol\/wp-json\/wp\/v2\/tags?post=3742"}],"curies":[{"name":"wp","href":"https:\/\/api.w.org\/{rel}","templated":true}]}}