{"id":3739,"date":"2011-02-09T11:53:25","date_gmt":"2011-02-09T11:53:25","guid":{"rendered":"http:\/\/joanardevol.org\/primaria\/?p=238"},"modified":"2011-02-09T11:53:25","modified_gmt":"2011-02-09T11:53:25","slug":"els-alumnes-de-cs-participem-al-consell-municipal-dinfants","status":"publish","type":"post","link":"https:\/\/agora.xtec.cat\/escjoanardevol\/general\/els-alumnes-de-cs-participem-al-consell-municipal-dinfants\/","title":{"rendered":"Els alumnes de CS participem al Consell Municipal d\u2019Infants."},"content":{"rendered":"<p>Els nens i nenes de 5\u00e8 i 6\u00e8 participem, un any m\u00e9s, en el Consell Municipal d\u2019Infants que organitza l\u2019Ajuntament dintre del PEC (Projecte Educatiu de Ciutat). Gr\u00e0cies al Consell Municipal d\u2019Infants, els nens i nenes de la nostra escola i de la resta d\u2019escoles del municipi, pod<a href=\"http:\/\/joanardevol.org\/primaria\/wp-content\/uploads\/2011\/02\/CIMG0646.jpg\"><img loading=\"lazy\" decoding=\"async\" class=\"alignleft size-thumbnail wp-image-239\" title=\"CIMG0646\" src=\"http:\/\/joanardevol.org\/primaria\/wp-content\/uploads\/2011\/02\/CIMG0646-150x150.jpg\" alt=\"\" width=\"150\" height=\"150\" \/><\/a><a href=\"http:\/\/joanardevol.org\/primaria\/wp-content\/uploads\/2011\/02\/CIMG0665.jpg\"><img loading=\"lazy\" decoding=\"async\" class=\"alignleft size-thumbnail wp-image-240\" title=\"CIMG0665\" src=\"http:\/\/joanardevol.org\/primaria\/wp-content\/uploads\/2011\/02\/CIMG0665-150x150.jpg\" alt=\"\" width=\"150\" height=\"150\" \/><\/a>em donar la nostra opini\u00f3 sobre temes importants.<\/p>\n<p>A cada classe de 5\u00e8 i 6\u00e8 hem triat un\/a representant que portar\u00e0 les nostres propostes i opinions a l\u2019Ajuntament. All\u00e0 es reunir\u00e0 amb altres representants i entre tots prendrem decisions sobre \u201ccultura i festes\u201d.<\/p>\n<p>Dos monitors de l\u2019Ajuntament van venir a l\u2019escola i ens van explicar el funcionament del Consell Municipal. Tamb\u00e9 ens van ensenyar les festes i tradicions m\u00e9s importants del nostre municipi.<\/p>\n<p><a href=\"http:\/\/joanardevol.org\/primaria\/wp-content\/uploads\/2011\/02\/CIMG06721.jpg\"><img loading=\"lazy\" decoding=\"async\" class=\"alignleft size-medium wp-image-243\" title=\"CIMG0672\" src=\"http:\/\/joanardevol.org\/primaria\/wp-content\/uploads\/2011\/02\/CIMG06721-225x300.jpg\" alt=\"\" width=\"225\" height=\"300\" \/><\/a><a href=\"http:\/\/joanardevol.org\/primaria\/wp-content\/uploads\/2011\/02\/CIMG06751.jpg\"><a href=\"http:\/\/joanardevol.org\/primaria\/wp-content\/uploads\/2011\/02\/CIMG0681.jpg\"><a href=\"http:\/\/joanardevol.org\/primaria\/wp-content\/uploads\/2011\/02\/CIMG0675.jpg\"><img loading=\"lazy\" decoding=\"async\" class=\"alignnone size-medium wp-image-242\" title=\"CIMG0675\" src=\"http:\/\/joanardevol.org\/primaria\/wp-content\/uploads\/2011\/02\/CIMG0675-225x300.jpg\" alt=\"\" width=\"225\" height=\"300\" \/><\/a><\/a><\/a><\/p>\n","protected":false},"excerpt":{"rendered":"<p>Els nens i nenes de 5\u00e8 i 6\u00e8 participem, un any m\u00e9s, en el Consell Municipal d\u2019Infants que organitza l\u2019Ajuntament dintre del PEC (Projecte Educatiu de Ciutat). Gr\u00e0cies al Consell Municipal d\u2019Infants, els nens i nenes de la nostra escola &#8230; <a href=\"http:\/\/joanardevol.org\/primaria\/?p=238\">Continua llegint <span>&#8594;<\/span><\/a>&hellip;  <a href=\"https:\/\/agora.xtec.cat\/escjoanardevol\/general\/els-alumnes-de-cs-participem-al-consell-municipal-dinfants\/\" title=\"Read Els alumnes de CS participem al Consell Municipal d\u2019Infants.\">Llegeix m\u00e9s\u00bb<\/a><\/p>\n","protected":false},"author":1,"featured_media":0,"comment_status":"open","ping_status":"closed","sticky":false,"template":"","format":"standard","meta":{"_bbp_topic_count":0,"_bbp_reply_count":0,"_bbp_total_topic_count":0,"_bbp_total_reply_count":0,"_bbp_voice_count":0,"_bbp_anonymous_reply_count":0,"_bbp_topic_count_hidden":0,"_bbp_reply_count_hidden":0,"_bbp_forum_subforum_count":0,"footnotes":""},"categories":[14,1],"tags":[],"class_list":["post-3739","post","type-post","status-publish","format-standard","hentry","category-5e","category-general"],"post_mailing_queue_ids":[],"_links":{"self":[{"href":"https:\/\/agora.xtec.cat\/escjoanardevol\/wp-json\/wp\/v2\/posts\/3739","targetHints":{"allow":["GET"]}}],"collection":[{"href":"https:\/\/agora.xtec.cat\/escjoanardevol\/wp-json\/wp\/v2\/posts"}],"about":[{"href":"https:\/\/agora.xtec.cat\/escjoanardevol\/wp-json\/wp\/v2\/types\/post"}],"author":[{"embeddable":true,"href":"https:\/\/agora.xtec.cat\/escjoanardevol\/wp-json\/wp\/v2\/users\/1"}],"replies":[{"embeddable":true,"href":"https:\/\/agora.xtec.cat\/escjoanardevol\/wp-json\/wp\/v2\/comments?post=3739"}],"version-history":[{"count":0,"href":"https:\/\/agora.xtec.cat\/escjoanardevol\/wp-json\/wp\/v2\/posts\/3739\/revisions"}],"wp:attachment":[{"href":"https:\/\/agora.xtec.cat\/escjoanardevol\/wp-json\/wp\/v2\/media?parent=3739"}],"wp:term":[{"taxonomy":"category","embeddable":true,"href":"https:\/\/agora.xtec.cat\/escjoanardevol\/wp-json\/wp\/v2\/categories?post=3739"},{"taxonomy":"post_tag","embeddable":true,"href":"https:\/\/agora.xtec.cat\/escjoanardevol\/wp-json\/wp\/v2\/tags?post=3739"}],"curies":[{"name":"wp","href":"https:\/\/api.w.org\/{rel}","templated":true}]}}