{"id":3735,"date":"2011-01-21T12:15:52","date_gmt":"2011-01-21T12:15:52","guid":{"rendered":"http:\/\/joanardevol.org\/primaria\/?p=145"},"modified":"2011-01-21T12:15:52","modified_gmt":"2011-01-21T12:15:52","slug":"omplir-el-pap","status":"publish","type":"post","link":"https:\/\/agora.xtec.cat\/escjoanardevol\/general\/omplir-el-pap\/","title":{"rendered":"Omplir el pap"},"content":{"rendered":"<p style=\"text-align: left;\"><a href=\"http:\/\/joanardevol.org\/primaria\/wp-content\/uploads\/2011\/01\/HPIM3372.jpg\"><img loading=\"lazy\" decoding=\"async\" class=\"alignleft size-thumbnail wp-image-148\" title=\"Alumnes amb ous.\" src=\"http:\/\/joanardevol.org\/primaria\/wp-content\/uploads\/2011\/01\/HPIM3372-150x150.jpg\" alt=\"\" width=\"150\" height=\"150\" \/><\/a>Els nens de tercer hem fet una experi\u00e8ncia  molt divertida.  Avui hem apr\u00e8s moltes coses sobre les aus. Hem pogut veure i tocar plomes, ous, ossos  i nius  de diferents ocells. Hem observat els moixons del pati  i hem apr\u00e8s a recon\u00e8ixer-los , hem sentit els seus cants.<br \/>\nTamb\u00e9 hem fabricat menjadores  perqu\u00e8 els ocells tinguin el seu aliment preferit  i aix\u00ed poder-los observar millor.  Les hem fet amb pinyes plenes de pinso i tamb\u00e9 d\u2019altres fetes amb cacauets enganxats amb fils.<br \/>\nLes menjadores les hem posat al pati de l\u2019escola penjades dalt dels nostres arbres. Ja hem vist algun pardal i alguna garsa que s\u2019hi acosta per fer un tastet.<\/p>\n<p style=\"text-align: left;\"><a href=\"http:\/\/joanardevol.org\/primaria\/wp-content\/uploads\/2011\/01\/HPIM3385.jpg\"><img loading=\"lazy\" decoding=\"async\" class=\"size-medium wp-image-150 aligncenter\" title=\"Menjadora de cacauets.\" src=\"http:\/\/joanardevol.org\/primaria\/wp-content\/uploads\/2011\/01\/HPIM3385-300x219.jpg\" alt=\"\" width=\"300\" height=\"219\" \/><\/a>!<a href=\"http:\/\/joanardevol.org\/primaria\/wp-content\/uploads\/2011\/01\/HPIM3377.jpg\"><img loading=\"lazy\" decoding=\"async\" class=\"size-medium wp-image-149 aligncenter\" title=\"Al pati, penjant un niu.\" src=\"http:\/\/joanardevol.org\/primaria\/wp-content\/uploads\/2011\/01\/HPIM3377-300x219.jpg\" alt=\"\" width=\"300\" height=\"219\" \/><\/a><a href=\"http:\/\/joanardevol.org\/primaria\/wp-content\/uploads\/2011\/01\/HPIM3387.jpg\"><img loading=\"lazy\" decoding=\"async\" class=\"size-medium wp-image-152 aligncenter\" title=\"Estem fabricant una menjadora!\" src=\"http:\/\/joanardevol.org\/primaria\/wp-content\/uploads\/2011\/01\/HPIM3387-300x219.jpg\" alt=\"\" width=\"300\" height=\"219\" \/><\/a><\/p>\n","protected":false},"excerpt":{"rendered":"<p>Els nens de tercer hem fet una experi\u00e8ncia molt divertida. Avui hem apr\u00e8s moltes coses sobre les aus. Hem pogut veure i tocar plomes, ous, ossos i nius de diferents ocells. Hem observat els moixons del pati i hem apr\u00e8s &#8230; <a href=\"http:\/\/joanardevol.org\/primaria\/?p=145\">Continua llegint <span>&#8594;<\/span><\/a>&hellip;  <a href=\"https:\/\/agora.xtec.cat\/escjoanardevol\/general\/omplir-el-pap\/\" title=\"Read Omplir el pap\">Llegeix m\u00e9s\u00bb<\/a><\/p>\n","protected":false},"author":1,"featured_media":0,"comment_status":"open","ping_status":"closed","sticky":false,"template":"","format":"standard","meta":{"_bbp_topic_count":0,"_bbp_reply_count":0,"_bbp_total_topic_count":0,"_bbp_total_reply_count":0,"_bbp_voice_count":0,"_bbp_anonymous_reply_count":0,"_bbp_topic_count_hidden":0,"_bbp_reply_count_hidden":0,"_bbp_forum_subforum_count":0,"footnotes":""},"categories":[12,1],"tags":[],"class_list":["post-3735","post","type-post","status-publish","format-standard","hentry","category-3r","category-general"],"post_mailing_queue_ids":[],"_links":{"self":[{"href":"https:\/\/agora.xtec.cat\/escjoanardevol\/wp-json\/wp\/v2\/posts\/3735","targetHints":{"allow":["GET"]}}],"collection":[{"href":"https:\/\/agora.xtec.cat\/escjoanardevol\/wp-json\/wp\/v2\/posts"}],"about":[{"href":"https:\/\/agora.xtec.cat\/escjoanardevol\/wp-json\/wp\/v2\/types\/post"}],"author":[{"embeddable":true,"href":"https:\/\/agora.xtec.cat\/escjoanardevol\/wp-json\/wp\/v2\/users\/1"}],"replies":[{"embeddable":true,"href":"https:\/\/agora.xtec.cat\/escjoanardevol\/wp-json\/wp\/v2\/comments?post=3735"}],"version-history":[{"count":0,"href":"https:\/\/agora.xtec.cat\/escjoanardevol\/wp-json\/wp\/v2\/posts\/3735\/revisions"}],"wp:attachment":[{"href":"https:\/\/agora.xtec.cat\/escjoanardevol\/wp-json\/wp\/v2\/media?parent=3735"}],"wp:term":[{"taxonomy":"category","embeddable":true,"href":"https:\/\/agora.xtec.cat\/escjoanardevol\/wp-json\/wp\/v2\/categories?post=3735"},{"taxonomy":"post_tag","embeddable":true,"href":"https:\/\/agora.xtec.cat\/escjoanardevol\/wp-json\/wp\/v2\/tags?post=3735"}],"curies":[{"name":"wp","href":"https:\/\/api.w.org\/{rel}","templated":true}]}}