{"id":3733,"date":"2011-01-17T11:53:05","date_gmt":"2011-01-17T11:53:05","guid":{"rendered":"http:\/\/joanardevol.org\/infantil\/?p=124"},"modified":"2011-01-17T11:53:05","modified_gmt":"2011-01-17T11:53:05","slug":"en-mec-mec-ja-es-aqui","status":"publish","type":"post","link":"https:\/\/agora.xtec.cat\/escjoanardevol\/general\/en-mec-mec-ja-es-aqui\/","title":{"rendered":"EN MEC, MEC JA \u00c9S AQU\u00cd!"},"content":{"rendered":"<p><a href='http:\/\/joanardevol.org\/infantil\/?attachment_id=127' title='Imagen 106'><img loading=\"lazy\" decoding=\"async\" width=\"150\" height=\"150\" src=\"http:\/\/joanardevol.org\/infantil\/wp-content\/uploads\/2011\/01\/Imagen-106-150x150.jpg\" class=\"attachment-thumbnail\" alt=\"Imagen 106\" title=\"Imagen 106\" \/><\/a><br \/>\n<a href='http:\/\/joanardevol.org\/infantil\/?attachment_id=128' title='Imagen 096'><img loading=\"lazy\" decoding=\"async\" width=\"150\" height=\"150\" src=\"http:\/\/joanardevol.org\/infantil\/wp-content\/uploads\/2011\/01\/Imagen-096-150x150.jpg\" class=\"attachment-thumbnail\" alt=\"Imagen 096\" title=\"Imagen 096\" \/><\/a><br \/>\n<a href='http:\/\/joanardevol.org\/infantil\/?attachment_id=129' title='Imagen 099'><img loading=\"lazy\" decoding=\"async\" width=\"150\" height=\"150\" src=\"http:\/\/joanardevol.org\/infantil\/wp-content\/uploads\/2011\/01\/Imagen-099-150x150.jpg\" class=\"attachment-thumbnail\" alt=\"Imagen 099\" title=\"Imagen 099\" \/><\/a><\/p>\n<p>Divendres 14 de gener ens va visitar el Mec, Mec.<\/p>\n<p><a rel=\"attachment wp-att-127\" href=\"http:\/\/joanardevol.org\/infantil\/?attachment_id=127\"><img loading=\"lazy\" decoding=\"async\" class=\"size-thumbnail wp-image-127 alignleft\" title=\"Imagen 106\" src=\"http:\/\/joanardevol.org\/infantil\/wp-content\/uploads\/2011\/01\/Imagen-106-150x150.jpg\" alt=\"\" width=\"71\" height=\"71\" \/><\/a><\/p>\n<p>En Mec, Mec \u00e9s un personatge fant\u00e0stic que ha vingut del planeta \u00d1am preocupat per l&#8217;enorme n\u00favol gris que cobreix tot el nostre planeta.<\/p>\n<p>Ens va demanar la nostra ajuda per a fer desapar\u00e8ixer el fum negre. Com podem ajudar al nostre amic?<br \/>\nDoncs, utilitzar  la bicicleta enlloc del cotxe, viatjar amb transport p\u00fablic, no llen\u00e7ar la brossa al terra, entre d&#8217;altres.<\/p>\n<p><a rel=\"attachment wp-att-129\" href=\"http:\/\/joanardevol.org\/infantil\/?attachment_id=129\"><img loading=\"lazy\" decoding=\"async\" class=\"alignleft size-medium wp-image-129\" title=\"Imagen 099\" src=\"http:\/\/joanardevol.org\/infantil\/wp-content\/uploads\/2011\/01\/Imagen-099-300x224.jpg\" alt=\"\" width=\"300\" height=\"224\" \/><\/a><\/p>\n<p>D&#8217;aquesta manera el planeta Terra tornar\u00e0 a ser el planeta al\u00b7lucinant que era abans!<\/p>\n<p><a rel=\"attachment wp-att-128\" href=\"http:\/\/joanardevol.org\/infantil\/?attachment_id=128\"><img loading=\"lazy\" decoding=\"async\" class=\"aligncenter size-large wp-image-128\" title=\"Imagen 096\" src=\"http:\/\/joanardevol.org\/infantil\/wp-content\/uploads\/2011\/01\/Imagen-096-1024x768.jpg\" alt=\"\" width=\"640\" height=\"480\" \/><\/a><\/p>\n","protected":false},"excerpt":{"rendered":"<p>Divendres 14 de gener ens va visitar el Mec, Mec. En Mec, Mec \u00e9s un personatge fant\u00e0stic que ha vingut del planeta \u00d1am preocupat per l&#8217;enorme n\u00favol gris que cobreix tot el nostre planeta. Ens va demanar la nostra ajuda &#8230; <a href=\"http:\/\/joanardevol.org\/infantil\/?p=124\">Continua llegint <span>&#8594;<\/span><\/a>&hellip;  <a href=\"https:\/\/agora.xtec.cat\/escjoanardevol\/general\/en-mec-mec-ja-es-aqui\/\" title=\"Read EN MEC, MEC JA \u00c9S AQU\u00cd!\">Llegeix m\u00e9s\u00bb<\/a><\/p>\n","protected":false},"author":1,"featured_media":0,"comment_status":"open","ping_status":"closed","sticky":false,"template":"","format":"standard","meta":{"_bbp_topic_count":0,"_bbp_reply_count":0,"_bbp_total_topic_count":0,"_bbp_total_reply_count":0,"_bbp_voice_count":0,"_bbp_anonymous_reply_count":0,"_bbp_topic_count_hidden":0,"_bbp_reply_count_hidden":0,"_bbp_forum_subforum_count":0,"footnotes":""},"categories":[1],"tags":[],"class_list":["post-3733","post","type-post","status-publish","format-standard","hentry","category-general"],"post_mailing_queue_ids":[],"_links":{"self":[{"href":"https:\/\/agora.xtec.cat\/escjoanardevol\/wp-json\/wp\/v2\/posts\/3733","targetHints":{"allow":["GET"]}}],"collection":[{"href":"https:\/\/agora.xtec.cat\/escjoanardevol\/wp-json\/wp\/v2\/posts"}],"about":[{"href":"https:\/\/agora.xtec.cat\/escjoanardevol\/wp-json\/wp\/v2\/types\/post"}],"author":[{"embeddable":true,"href":"https:\/\/agora.xtec.cat\/escjoanardevol\/wp-json\/wp\/v2\/users\/1"}],"replies":[{"embeddable":true,"href":"https:\/\/agora.xtec.cat\/escjoanardevol\/wp-json\/wp\/v2\/comments?post=3733"}],"version-history":[{"count":0,"href":"https:\/\/agora.xtec.cat\/escjoanardevol\/wp-json\/wp\/v2\/posts\/3733\/revisions"}],"wp:attachment":[{"href":"https:\/\/agora.xtec.cat\/escjoanardevol\/wp-json\/wp\/v2\/media?parent=3733"}],"wp:term":[{"taxonomy":"category","embeddable":true,"href":"https:\/\/agora.xtec.cat\/escjoanardevol\/wp-json\/wp\/v2\/categories?post=3733"},{"taxonomy":"post_tag","embeddable":true,"href":"https:\/\/agora.xtec.cat\/escjoanardevol\/wp-json\/wp\/v2\/tags?post=3733"}],"curies":[{"name":"wp","href":"https:\/\/api.w.org\/{rel}","templated":true}]}}