{"id":3731,"date":"2010-12-14T16:24:38","date_gmt":"2010-12-14T16:24:38","guid":{"rendered":"http:\/\/joanardevol.org\/info\/?p=317"},"modified":"2010-12-14T16:24:38","modified_gmt":"2010-12-14T16:24:38","slug":"galeria-fotografica-del-50e-aniversari","status":"publish","type":"post","link":"https:\/\/agora.xtec.cat\/escjoanardevol\/general\/galeria-fotografica-del-50e-aniversari\/","title":{"rendered":"Galeria fotogr\u00e0fica del 50\u00e8 aniversari"},"content":{"rendered":"<p>Ja est\u00e0 oberta la galeria fotogr\u00e0fica dels actes del 50\u00e8 aniversari. En ella hi anirem posant les fotografies que entre tots ens faciliteu. Per accedir-hi, feu clic <a href=\"http:\/\/picasaweb.google.com\/114190696954288641438\" target=\"_blank\">aqu\u00ed <\/a>o b\u00e9 damunt de la imatge.<\/p>\n<p><a href=\"http:\/\/picasaweb.google.com\/114190696954288641438\" target=\"_blank\"><img loading=\"lazy\" decoding=\"async\" class=\"alignnone size-large wp-image-318\" title=\"Img_0003b\" src=\"http:\/\/joanardevol.org\/info\/wp-content\/uploads\/2010\/12\/Img_0003b-1024x768.jpg\" alt=\"\" width=\"500\" height=\"374\" \/><\/a><\/p>\n","protected":false},"excerpt":{"rendered":"<p>Ja est\u00e0 oberta la galeria fotogr\u00e0fica dels actes del 50\u00e8 aniversari. En ella hi anirem posant les fotografies que entre tots ens faciliteu. Per accedir-hi, feu clic <a href=\"http:\/\/picasaweb.google.com\/114190696954288641438\" target=\"_blank\">aqu\u00ed <\/a>o b\u00e9 damunt de la imatge.<br \/>\n<a href=\"http:\/\/picasaweb.google.com\/114190696954288641438\" target=\"_blank\"><\/a><\/p>\n","protected":false},"author":1,"featured_media":0,"comment_status":"open","ping_status":"open","sticky":false,"template":"","format":"standard","meta":{"_bbp_topic_count":0,"_bbp_reply_count":0,"_bbp_total_topic_count":0,"_bbp_total_reply_count":0,"_bbp_voice_count":0,"_bbp_anonymous_reply_count":0,"_bbp_topic_count_hidden":0,"_bbp_reply_count_hidden":0,"_bbp_forum_subforum_count":0,"footnotes":""},"categories":[1],"tags":[56],"class_list":["post-3731","post","type-post","status-publish","format-standard","hentry","category-general","tag-50-aniversari"],"post_mailing_queue_ids":[],"_links":{"self":[{"href":"https:\/\/agora.xtec.cat\/escjoanardevol\/wp-json\/wp\/v2\/posts\/3731","targetHints":{"allow":["GET"]}}],"collection":[{"href":"https:\/\/agora.xtec.cat\/escjoanardevol\/wp-json\/wp\/v2\/posts"}],"about":[{"href":"https:\/\/agora.xtec.cat\/escjoanardevol\/wp-json\/wp\/v2\/types\/post"}],"author":[{"embeddable":true,"href":"https:\/\/agora.xtec.cat\/escjoanardevol\/wp-json\/wp\/v2\/users\/1"}],"replies":[{"embeddable":true,"href":"https:\/\/agora.xtec.cat\/escjoanardevol\/wp-json\/wp\/v2\/comments?post=3731"}],"version-history":[{"count":0,"href":"https:\/\/agora.xtec.cat\/escjoanardevol\/wp-json\/wp\/v2\/posts\/3731\/revisions"}],"wp:attachment":[{"href":"https:\/\/agora.xtec.cat\/escjoanardevol\/wp-json\/wp\/v2\/media?parent=3731"}],"wp:term":[{"taxonomy":"category","embeddable":true,"href":"https:\/\/agora.xtec.cat\/escjoanardevol\/wp-json\/wp\/v2\/categories?post=3731"},{"taxonomy":"post_tag","embeddable":true,"href":"https:\/\/agora.xtec.cat\/escjoanardevol\/wp-json\/wp\/v2\/tags?post=3731"}],"curies":[{"name":"wp","href":"https:\/\/api.w.org\/{rel}","templated":true}]}}