{"id":3730,"date":"2010-12-13T09:38:36","date_gmt":"2010-12-13T09:38:36","guid":{"rendered":"http:\/\/joanardevol.org\/primaria\/?p=87"},"modified":"2010-12-13T09:38:36","modified_gmt":"2010-12-13T09:38:36","slug":"la-festa-del-50e-aniversari-tot-un-exit","status":"publish","type":"post","link":"https:\/\/agora.xtec.cat\/escjoanardevol\/general\/la-festa-del-50e-aniversari-tot-un-exit\/","title":{"rendered":"La festa del 50\u00e8 aniversari, tot un \u00e8xit!"},"content":{"rendered":"<p>Aquest cap de setmana la nostra escola ha fet l&#8217;aniversari i ho hem celebrat d&#8217;all\u00f2 m\u00e9s en companyia de molt\u00edssims amics i amigues que han volgut compartir-ho amb nosaltres. Gr\u00e0cies a tots per venir i esperem que d&#8217;aqu\u00ed a 25 anys, quan obrim la c\u00e0psula del temps, tornem a trobar-nos!<\/p>\n<p style=\"text-align: left;\"><a href=\"http:\/\/joanardevol.org\/primaria\/wp-content\/uploads\/2010\/12\/50%C3%A8-aniversari-011.jpg\" ><img loading=\"lazy\" decoding=\"async\" class=\"size-medium wp-image-88 aligncenter\" title=\"L'Ivan Cervantes,exalumne, fa una demostraci\u00f3.\" src=\"http:\/\/joanardevol.org\/primaria\/wp-content\/uploads\/2010\/12\/50%C3%A8-aniversari-011-300x225.jpg\" alt=\"\" width=\"300\" height=\"225\" \/><\/a><a href=\"http:\/\/joanardevol.org\/primaria\/wp-content\/uploads\/2010\/12\/50%C3%A8-aniversari-103.jpg\"><img loading=\"lazy\" decoding=\"async\" class=\"aligncenter size-medium wp-image-91\" title=\"Ball de bastons\" src=\"http:\/\/joanardevol.org\/primaria\/wp-content\/uploads\/2010\/12\/50%C3%A8-aniversari-103-300x225.jpg\" alt=\"\" width=\"300\" height=\"225\" \/><\/a><a href=\"http:\/\/joanardevol.org\/primaria\/wp-content\/uploads\/2010\/12\/50%C3%A8-aniversari-057.jpg\"><img loading=\"lazy\" decoding=\"async\" class=\"size-medium wp-image-89 aligncenter\" title=\"Animaci\u00f3 per als m\u00e9s petits.\" src=\"http:\/\/joanardevol.org\/primaria\/wp-content\/uploads\/2010\/12\/50%C3%A8-aniversari-057-300x225.jpg\" alt=\"\" width=\"300\" height=\"225\" \/><\/a>Properament, m\u00e9s fotografies!<\/p>\n","protected":false},"excerpt":{"rendered":"<p>Aquest cap de setmana la nostra escola ha fet l&#8217;aniversari i ho hem celebrat d&#8217;all\u00f2 m\u00e9s en companyia de molt\u00edssims amics i amigues que han volgut compartir-ho amb nosaltres. Gr\u00e0cies a tots per venir i esperem que d&#8217;aqu\u00ed a 25 &#8230; <a href=\"http:\/\/joanardevol.org\/primaria\/?p=87\">Continua llegint <span>&#8594;<\/span><\/a>&hellip;  <a href=\"https:\/\/agora.xtec.cat\/escjoanardevol\/general\/la-festa-del-50e-aniversari-tot-un-exit\/\" title=\"Read La festa del 50\u00e8 aniversari, tot un \u00e8xit!\">Llegeix m\u00e9s\u00bb<\/a><\/p>\n","protected":false},"author":1,"featured_media":0,"comment_status":"open","ping_status":"closed","sticky":false,"template":"","format":"standard","meta":{"_bbp_topic_count":0,"_bbp_reply_count":0,"_bbp_total_topic_count":0,"_bbp_total_reply_count":0,"_bbp_voice_count":0,"_bbp_anonymous_reply_count":0,"_bbp_topic_count_hidden":0,"_bbp_reply_count_hidden":0,"_bbp_forum_subforum_count":0,"footnotes":""},"categories":[10,12,14,1],"tags":[],"class_list":["post-3730","post","type-post","status-publish","format-standard","hentry","category-1r","category-3r","category-5e","category-general"],"post_mailing_queue_ids":[],"_links":{"self":[{"href":"https:\/\/agora.xtec.cat\/escjoanardevol\/wp-json\/wp\/v2\/posts\/3730","targetHints":{"allow":["GET"]}}],"collection":[{"href":"https:\/\/agora.xtec.cat\/escjoanardevol\/wp-json\/wp\/v2\/posts"}],"about":[{"href":"https:\/\/agora.xtec.cat\/escjoanardevol\/wp-json\/wp\/v2\/types\/post"}],"author":[{"embeddable":true,"href":"https:\/\/agora.xtec.cat\/escjoanardevol\/wp-json\/wp\/v2\/users\/1"}],"replies":[{"embeddable":true,"href":"https:\/\/agora.xtec.cat\/escjoanardevol\/wp-json\/wp\/v2\/comments?post=3730"}],"version-history":[{"count":0,"href":"https:\/\/agora.xtec.cat\/escjoanardevol\/wp-json\/wp\/v2\/posts\/3730\/revisions"}],"wp:attachment":[{"href":"https:\/\/agora.xtec.cat\/escjoanardevol\/wp-json\/wp\/v2\/media?parent=3730"}],"wp:term":[{"taxonomy":"category","embeddable":true,"href":"https:\/\/agora.xtec.cat\/escjoanardevol\/wp-json\/wp\/v2\/categories?post=3730"},{"taxonomy":"post_tag","embeddable":true,"href":"https:\/\/agora.xtec.cat\/escjoanardevol\/wp-json\/wp\/v2\/tags?post=3730"}],"curies":[{"name":"wp","href":"https:\/\/api.w.org\/{rel}","templated":true}]}}