{"id":3706,"date":"2016-06-21T21:30:13","date_gmt":"2016-06-21T19:30:13","guid":{"rendered":"http:\/\/joanardevol.org\/info\/?p=3706"},"modified":"2016-06-21T21:30:13","modified_gmt":"2016-06-21T19:30:13","slug":"jardi-botanic","status":"publish","type":"post","link":"https:\/\/agora.xtec.cat\/escjoanardevol\/general\/jardi-botanic\/","title":{"rendered":"Jard\u00ed bot\u00e0nic"},"content":{"rendered":"<p>Merc\u00e8s a la iniciativa de la Comissi\u00f3 de Conviv\u00e8ncia, la col\u00b7laboraci\u00f3 de tots els alumnes, mestres i fam\u00edlies de l&#8217;escola, el 17 de juny l&#8217;escola es va convertir en un Jard\u00ed Bot\u00e0nic.<\/p>\n<p>La Comissi\u00f3 de conviv\u00e8ncia, el present curs, va acollir el naixement de la nova Comissi\u00f3 d&#8217;Escola Verda que t\u00e9 per objectiu promoure activitats per sensibilitzar els alumnes per fer un m\u00f3n m\u00e9s sostenible i millor. Aix\u00ed doncs, per nadal ja es va organitzar una ballada conjunta i uns inflables per promoure el reciclatge. Durant el segon trimestre, cada classe va adoptar una planta, aix\u00ed es va treballar la responsabilitat per la cura d&#8217;un mateix i dels altres i finalment, al tercer trimestre, va organitzar el Jard\u00ed Bot\u00e0nic en una jornada de portes obertes en qu\u00e8 ens va acompanyar les fam\u00edlies, l&#8217;alcaldessa, la regidora d&#8217;ensenyament, l&#8217;inspector i tamb\u00e9 els t\u00e8cnics de la regidoria d&#8217;ensenyament de l&#8217;ajuntament de Cambrils. Va ser una jornada fant\u00e0stica!<\/p>\n<p>La Revista Cambrils se&#8217;n va fer ress\u00f2:<\/p>\n<p><a href=\"http:\/\/www.revistacambrils.com\/index.php?c_noticia=21481\" target=\"_blank\"><img loading=\"lazy\" decoding=\"async\" class=\"alignnone\" src=\"http:\/\/www.revistacambrils.com\/imatges\/comuns2\/cap.gif\" width=\"484\" height=\"75\" \/><\/a><\/p>\n<p>[alpine-phototile-for-picasa-and-google-plus src=&#8221;user_album&#8221; uid=&#8221;107198051835113305356&#8243; ualb=&#8221;6298907248744349137&#8243; imgl=&#8221;picasa&#8221; style=&#8221;rift&#8221; row=&#8221;4&#8243; size=&#8221;512&#8243; num=&#8221;30&#8243; align=&#8221;center&#8221; max=&#8221;100&#8243;]<\/p>\n","protected":false},"excerpt":{"rendered":"<p>Merc\u00e8s a la iniciativa de la Comissi\u00f3 de Conviv\u00e8ncia, la col\u00b7laboraci\u00f3 de tots els alumnes, mestres i fam\u00edlies de l&#8217;escola, el 17 de juny l&#8217;escola es va convertir en un Jard\u00ed Bot\u00e0nic.<br \/>\nLa Comissi\u00f3 de conviv\u00e8ncia, el present curs, va acollir el naixement de la nova&hellip;  <a href=\"https:\/\/agora.xtec.cat\/escjoanardevol\/general\/jardi-botanic\/\" title=\"Read Jard\u00ed bot\u00e0nic\">Llegeix m\u00e9s\u00bb<\/a><\/p>\n","protected":false},"author":1,"featured_media":3707,"comment_status":"closed","ping_status":"open","sticky":false,"template":"","format":"standard","meta":{"_bbp_topic_count":0,"_bbp_reply_count":0,"_bbp_total_topic_count":0,"_bbp_total_reply_count":0,"_bbp_voice_count":0,"_bbp_anonymous_reply_count":0,"_bbp_topic_count_hidden":0,"_bbp_reply_count_hidden":0,"_bbp_forum_subforum_count":0,"footnotes":""},"categories":[10,11,12,13,14,15,1,2,3,8,9,4],"tags":[59,75,76,77,93,103,128,187],"class_list":["post-3706","post","type-post","status-publish","format-standard","has-post-thumbnail","hentry","category-1r","category-2n","category-3r","category-4t","category-5e","category-6e","category-general","category-infantil","category-p3","category-p4","category-p5","category-portada","tag-activitats","tag-cicle-inicial","tag-cicle-mitja","tag-cicle-superior-2","tag-convivencia","tag-educacio-infantil","tag-jornades","tag-valors"],"post_mailing_queue_ids":[],"_links":{"self":[{"href":"https:\/\/agora.xtec.cat\/escjoanardevol\/wp-json\/wp\/v2\/posts\/3706","targetHints":{"allow":["GET"]}}],"collection":[{"href":"https:\/\/agora.xtec.cat\/escjoanardevol\/wp-json\/wp\/v2\/posts"}],"about":[{"href":"https:\/\/agora.xtec.cat\/escjoanardevol\/wp-json\/wp\/v2\/types\/post"}],"author":[{"embeddable":true,"href":"https:\/\/agora.xtec.cat\/escjoanardevol\/wp-json\/wp\/v2\/users\/1"}],"replies":[{"embeddable":true,"href":"https:\/\/agora.xtec.cat\/escjoanardevol\/wp-json\/wp\/v2\/comments?post=3706"}],"version-history":[{"count":0,"href":"https:\/\/agora.xtec.cat\/escjoanardevol\/wp-json\/wp\/v2\/posts\/3706\/revisions"}],"wp:featuredmedia":[{"embeddable":true,"href":"https:\/\/agora.xtec.cat\/escjoanardevol\/wp-json\/wp\/v2\/media\/3707"}],"wp:attachment":[{"href":"https:\/\/agora.xtec.cat\/escjoanardevol\/wp-json\/wp\/v2\/media?parent=3706"}],"wp:term":[{"taxonomy":"category","embeddable":true,"href":"https:\/\/agora.xtec.cat\/escjoanardevol\/wp-json\/wp\/v2\/categories?post=3706"},{"taxonomy":"post_tag","embeddable":true,"href":"https:\/\/agora.xtec.cat\/escjoanardevol\/wp-json\/wp\/v2\/tags?post=3706"}],"curies":[{"name":"wp","href":"https:\/\/api.w.org\/{rel}","templated":true}]}}