{"id":3692,"date":"2016-06-21T12:58:15","date_gmt":"2016-06-21T10:58:15","guid":{"rendered":"http:\/\/joanardevol.org\/info\/?p=3692"},"modified":"2016-06-21T12:58:15","modified_gmt":"2016-06-21T10:58:15","slug":"reconeixement-a-la-feina-ben-feta","status":"publish","type":"post","link":"https:\/\/agora.xtec.cat\/escjoanardevol\/portada\/reconeixement-a-la-feina-ben-feta\/","title":{"rendered":"Reconeixement a la feina ben feta"},"content":{"rendered":"<p>El dia 20 es van lliurar els diplomes en reconeixement a la feina feta durant tot el curs. Si b\u00e9, tots els alumnes en s\u00f3n mereixedors, el treball fet durant el curs ha estat for\u00e7a i de molt bona qualitat, els distingits han estat:<\/p>\n<p>3A: Joshua Caraballo Ohenhen<br \/>\n3B: Ester Lliber\u00f3s Ortigosa<br \/>\n4A: Pol Triquell Vidal<br \/>\n4B: Ivan Garc\u00eda S\u00e1nchez<br \/>\n5A: Julen Arteaga Arza<br \/>\n5B: Paula Salazar Rodr\u00edguez<\/p>\n<p>Els premis de 6\u00e8 seran publicats a partir del dia 27 de juny.<\/p>\n<p>[alpine-phototile-for-picasa-and-google-plus src=&#8221;user_album&#8221; uid=&#8221;107198051835113305356&#8243; ualb=&#8221;6298593230224298865&#8243; imgl=&#8221;picasa&#8221; style=&#8221;rift&#8221; row=&#8221;4&#8243; size=&#8221;512&#8243; num=&#8221;30&#8243; align=&#8221;center&#8221; max=&#8221;100&#8243;]<\/p>\n","protected":false},"excerpt":{"rendered":"<p>El dia 20 es van lliurar els diplomes en reconeixement a la feina feta durant tot el curs. Si b\u00e9, tots els alumnes en s\u00f3n mereixedors, el treball fet durant el curs ha estat for\u00e7a i de molt bona qualitat, els distingits han estat:<br \/>\n3A: Joshua&hellip;  <a href=\"https:\/\/agora.xtec.cat\/escjoanardevol\/portada\/reconeixement-a-la-feina-ben-feta\/\" title=\"Read Reconeixement a la feina ben feta\">Llegeix m\u00e9s\u00bb<\/a><\/p>\n","protected":false},"author":1,"featured_media":3701,"comment_status":"closed","ping_status":"open","sticky":false,"template":"","format":"standard","meta":{"_bbp_topic_count":0,"_bbp_reply_count":0,"_bbp_total_topic_count":0,"_bbp_total_reply_count":0,"_bbp_voice_count":0,"_bbp_anonymous_reply_count":0,"_bbp_topic_count_hidden":0,"_bbp_reply_count_hidden":0,"_bbp_forum_subforum_count":0,"footnotes":""},"categories":[12,13,14,15,4],"tags":[76,77,160],"class_list":["post-3692","post","type-post","status-publish","format-standard","has-post-thumbnail","hentry","category-3r","category-4t","category-5e","category-6e","category-portada","tag-cicle-mitja","tag-cicle-superior-2","tag-premis"],"post_mailing_queue_ids":[],"_links":{"self":[{"href":"https:\/\/agora.xtec.cat\/escjoanardevol\/wp-json\/wp\/v2\/posts\/3692","targetHints":{"allow":["GET"]}}],"collection":[{"href":"https:\/\/agora.xtec.cat\/escjoanardevol\/wp-json\/wp\/v2\/posts"}],"about":[{"href":"https:\/\/agora.xtec.cat\/escjoanardevol\/wp-json\/wp\/v2\/types\/post"}],"author":[{"embeddable":true,"href":"https:\/\/agora.xtec.cat\/escjoanardevol\/wp-json\/wp\/v2\/users\/1"}],"replies":[{"embeddable":true,"href":"https:\/\/agora.xtec.cat\/escjoanardevol\/wp-json\/wp\/v2\/comments?post=3692"}],"version-history":[{"count":0,"href":"https:\/\/agora.xtec.cat\/escjoanardevol\/wp-json\/wp\/v2\/posts\/3692\/revisions"}],"wp:featuredmedia":[{"embeddable":true,"href":"https:\/\/agora.xtec.cat\/escjoanardevol\/wp-json\/wp\/v2\/media\/3701"}],"wp:attachment":[{"href":"https:\/\/agora.xtec.cat\/escjoanardevol\/wp-json\/wp\/v2\/media?parent=3692"}],"wp:term":[{"taxonomy":"category","embeddable":true,"href":"https:\/\/agora.xtec.cat\/escjoanardevol\/wp-json\/wp\/v2\/categories?post=3692"},{"taxonomy":"post_tag","embeddable":true,"href":"https:\/\/agora.xtec.cat\/escjoanardevol\/wp-json\/wp\/v2\/tags?post=3692"}],"curies":[{"name":"wp","href":"https:\/\/api.w.org\/{rel}","templated":true}]}}