{"id":3677,"date":"2016-06-13T10:06:04","date_gmt":"2016-06-13T08:06:04","guid":{"rendered":"http:\/\/joanardevol.org\/info\/?p=3677"},"modified":"2016-06-13T10:06:04","modified_gmt":"2016-06-13T08:06:04","slug":"activitats-esportives-a-la-platja","status":"publish","type":"post","link":"https:\/\/agora.xtec.cat\/escjoanardevol\/portada\/activitats-esportives-a-la-platja\/","title":{"rendered":"Activitats esportives a la platja"},"content":{"rendered":"<p>Divendres 10 de juny els alumnes de 6\u00e8 vam anar a la platja i all\u00e0 vam practicar volei-platja, paddle surf, slackline, cayak&#8230; Va ser un mat\u00ed molt divertit!!<\/p>\n<p>Si voleu veure l&#8217;\u00e0lbum de fotos sencer, feu clic damunt la imatge:<\/p>\n<table style=\"width: 194px;\">\n<tbody>\n<tr>\n<td style=\"height: 194px; background: url('https:\/\/www.gstatic.com\/pwa\/s\/v\/lighthousefe_20160607.00_p0\/transparent_album_background.gif') no-repeat left;\" align=\"center\"><a href=\"https:\/\/picasaweb.google.com\/107198051835113305356\/6295583401509969793?authuser=0&amp;feat=embedwebsite\" target=\"_blank\"><img loading=\"lazy\" decoding=\"async\" class=\"alignnone\" style=\"margin: 1px 0 0 4px;\" src=\"https:\/\/lh3.googleusercontent.com\/-j_pbNtsKLZU\/V15nv4zY34E\/AAAAAAAAHAk\/6odiKC_w48kPT8xVR9FTjaiag26j0MtewCCo\/s160-c\/6295583401509969793\" width=\"160\" height=\"160\" \/><\/a><\/td>\n<\/tr>\n<tr>\n<td style=\"text-align: center; font-family: arial,sans-serif; font-size: 11px;\"><a style=\"color: #4d4d4d; font-weight: bold; text-decoration: none;\" href=\"https:\/\/picasaweb.google.com\/107198051835113305356\/6295583401509969793?authuser=0&amp;feat=embedwebsite\" target=\"_blank\">Activitats platja 6e<\/a><\/td>\n<\/tr>\n<\/tbody>\n<\/table>\n<p>[alpine-phototile-for-picasa-and-google-plus src=&#8221;user_album&#8221; uid=&#8221;107198051835113305356&#8243; ualb=&#8221;6295583401509969793&#8243; imgl=&#8221;picasa&#8221; style=&#8221;rift&#8221; row=&#8221;4&#8243; size=&#8221;512&#8243; num=&#8221;30&#8243; align=&#8221;center&#8221; max=&#8221;100&#8243;]<\/p>\n","protected":false},"excerpt":{"rendered":"<p>Divendres 10 de juny els alumnes de 6\u00e8 vam anar a la platja i all\u00e0 vam practicar volei-platja, paddle surf, slackline, cayak&#8230; Va ser un mat\u00ed molt divertit!!<br \/>\nSi voleu veure l&#8217;\u00e0lbum de fotos sencer, feu clic damunt la imatge:<\/p>\n<p><a href=\"https:\/\/picasaweb.google.com\/107198051835113305356\/6295583401509969793?authuser=0&amp;feat=embedwebsite\" target=\"_blank\"><\/a><\/p>\n<p><a style=\"color: #4d4d4d; font-weight: bold;&hellip;  <a href=\"https:\/\/agora.xtec.cat\/escjoanardevol\/portada\/activitats-esportives-a-la-platja\/\" title=\"Read Activitats esportives a la platja\">Llegeix m\u00e9s\u00bb<\/a><\/p>\n","protected":false},"author":1,"featured_media":3678,"comment_status":"closed","ping_status":"open","sticky":false,"template":"","format":"standard","meta":{"_bbp_topic_count":0,"_bbp_reply_count":0,"_bbp_total_topic_count":0,"_bbp_total_reply_count":0,"_bbp_voice_count":0,"_bbp_anonymous_reply_count":0,"_bbp_topic_count_hidden":0,"_bbp_reply_count_hidden":0,"_bbp_forum_subforum_count":0,"footnotes":""},"categories":[14,15,4],"tags":[69,77,102,16],"class_list":["post-3677","post","type-post","status-publish","format-standard","has-post-thumbnail","hentry","category-5e","category-6e","category-portada","tag-cambrils","tag-cicle-superior-2","tag-educacio-fisica-2","tag-sortides"],"post_mailing_queue_ids":[],"_links":{"self":[{"href":"https:\/\/agora.xtec.cat\/escjoanardevol\/wp-json\/wp\/v2\/posts\/3677","targetHints":{"allow":["GET"]}}],"collection":[{"href":"https:\/\/agora.xtec.cat\/escjoanardevol\/wp-json\/wp\/v2\/posts"}],"about":[{"href":"https:\/\/agora.xtec.cat\/escjoanardevol\/wp-json\/wp\/v2\/types\/post"}],"author":[{"embeddable":true,"href":"https:\/\/agora.xtec.cat\/escjoanardevol\/wp-json\/wp\/v2\/users\/1"}],"replies":[{"embeddable":true,"href":"https:\/\/agora.xtec.cat\/escjoanardevol\/wp-json\/wp\/v2\/comments?post=3677"}],"version-history":[{"count":0,"href":"https:\/\/agora.xtec.cat\/escjoanardevol\/wp-json\/wp\/v2\/posts\/3677\/revisions"}],"wp:featuredmedia":[{"embeddable":true,"href":"https:\/\/agora.xtec.cat\/escjoanardevol\/wp-json\/wp\/v2\/media\/3678"}],"wp:attachment":[{"href":"https:\/\/agora.xtec.cat\/escjoanardevol\/wp-json\/wp\/v2\/media?parent=3677"}],"wp:term":[{"taxonomy":"category","embeddable":true,"href":"https:\/\/agora.xtec.cat\/escjoanardevol\/wp-json\/wp\/v2\/categories?post=3677"},{"taxonomy":"post_tag","embeddable":true,"href":"https:\/\/agora.xtec.cat\/escjoanardevol\/wp-json\/wp\/v2\/tags?post=3677"}],"curies":[{"name":"wp","href":"https:\/\/api.w.org\/{rel}","templated":true}]}}