{"id":3669,"date":"2016-06-07T17:18:13","date_gmt":"2016-06-07T15:18:13","guid":{"rendered":"http:\/\/joanardevol.org\/info\/?p=3669"},"modified":"2016-06-07T17:18:13","modified_gmt":"2016-06-07T15:18:13","slug":"colonies-de-6e-4","status":"publish","type":"post","link":"https:\/\/agora.xtec.cat\/escjoanardevol\/portada\/colonies-de-6e-4\/","title":{"rendered":"Col\u00f2nies de 6\u00e8"},"content":{"rendered":"<p>Els dies 1, 2 i 3 de juny els alumnes de 6\u00e8 vam anar de col\u00f2nies al Collell, una casa situada a la comarca del Pla de l\u2019Estany a la zona de la Garrotxa (Girona).<\/p>\n<p>Van ser tres dies plens d\u2019activitats; ruta per la muntanya, h\u00edpica, quads, taller de cinema, piscina\u2026 Tres dies de diversi\u00f3 i de conviv\u00e8ncia que mai oblidarem.<\/p>\n<p>Podeu veure totes les fotos (que s\u00f3n moltes!) a partir del seg\u00fcent:<\/p>\n<p>&nbsp;<\/p>\n<table style=\"width: 194px;\">\n<tbody>\n<tr>\n<td style=\"height: 194px; background: url('https:\/\/www.gstatic.com\/pwa\/s\/v\/lighthousefe_20160427.00_p0\/transparent_album_background.gif') no-repeat left;\" align=\"center\"><a href=\"https:\/\/picasaweb.google.com\/107198051835113305356\/6293389434759107553?authuser=0&amp;feat=embedwebsite\" target=\"_blank\"><img loading=\"lazy\" decoding=\"async\" class=\"alignnone\" style=\"margin: 1px 0 0 4px;\" src=\"https:\/\/lh3.googleusercontent.com\/-R7b2uP4lerE\/V1acWNwDU-E\/AAAAAAAAG5w\/DbzBTcP3faIpZyDPauorOQYJDs7bzSQiwCCo\/s160-c\/6293389434759107553\" width=\"218\" height=\"218\" \/><\/a><\/td>\n<\/tr>\n<tr>\n<td style=\"text-align: center; font-family: arial,sans-serif; font-size: 11px;\"><a style=\"color: #4d4d4d; font-weight: bold; text-decoration: none;\" href=\"https:\/\/picasaweb.google.com\/107198051835113305356\/6293389434759107553?authuser=0&amp;feat=embedwebsite\" target=\"_blank\">Colonies 6e<\/a><\/td>\n<\/tr>\n<\/tbody>\n<\/table>\n","protected":false},"excerpt":{"rendered":"<p>Els dies 1, 2 i 3 de juny els alumnes de 6\u00e8 vam anar de col\u00f2nies al Collell, una casa situada a la comarca del Pla de l\u2019Estany a la zona de la Garrotxa (Girona).<br \/>\nVan ser tres dies plens d\u2019activitats; ruta per la muntanya, h\u00edpica,&hellip;  <a href=\"https:\/\/agora.xtec.cat\/escjoanardevol\/portada\/colonies-de-6e-4\/\" title=\"Read Col\u00f2nies de 6\u00e8\">Llegeix m\u00e9s\u00bb<\/a><\/p>\n","protected":false},"author":1,"featured_media":3670,"comment_status":"closed","ping_status":"open","sticky":false,"template":"","format":"standard","meta":{"_bbp_topic_count":0,"_bbp_reply_count":0,"_bbp_total_topic_count":0,"_bbp_total_reply_count":0,"_bbp_voice_count":0,"_bbp_anonymous_reply_count":0,"_bbp_topic_count_hidden":0,"_bbp_reply_count_hidden":0,"_bbp_forum_subforum_count":0,"footnotes":""},"categories":[14,15,4],"tags":[59,77,86,93],"class_list":["post-3669","post","type-post","status-publish","format-standard","has-post-thumbnail","hentry","category-5e","category-6e","category-portada","tag-activitats","tag-cicle-superior-2","tag-colonies","tag-convivencia"],"post_mailing_queue_ids":[],"_links":{"self":[{"href":"https:\/\/agora.xtec.cat\/escjoanardevol\/wp-json\/wp\/v2\/posts\/3669","targetHints":{"allow":["GET"]}}],"collection":[{"href":"https:\/\/agora.xtec.cat\/escjoanardevol\/wp-json\/wp\/v2\/posts"}],"about":[{"href":"https:\/\/agora.xtec.cat\/escjoanardevol\/wp-json\/wp\/v2\/types\/post"}],"author":[{"embeddable":true,"href":"https:\/\/agora.xtec.cat\/escjoanardevol\/wp-json\/wp\/v2\/users\/1"}],"replies":[{"embeddable":true,"href":"https:\/\/agora.xtec.cat\/escjoanardevol\/wp-json\/wp\/v2\/comments?post=3669"}],"version-history":[{"count":0,"href":"https:\/\/agora.xtec.cat\/escjoanardevol\/wp-json\/wp\/v2\/posts\/3669\/revisions"}],"wp:featuredmedia":[{"embeddable":true,"href":"https:\/\/agora.xtec.cat\/escjoanardevol\/wp-json\/wp\/v2\/media\/3670"}],"wp:attachment":[{"href":"https:\/\/agora.xtec.cat\/escjoanardevol\/wp-json\/wp\/v2\/media?parent=3669"}],"wp:term":[{"taxonomy":"category","embeddable":true,"href":"https:\/\/agora.xtec.cat\/escjoanardevol\/wp-json\/wp\/v2\/categories?post=3669"},{"taxonomy":"post_tag","embeddable":true,"href":"https:\/\/agora.xtec.cat\/escjoanardevol\/wp-json\/wp\/v2\/tags?post=3669"}],"curies":[{"name":"wp","href":"https:\/\/api.w.org\/{rel}","templated":true}]}}