{"id":3666,"date":"2016-06-06T14:57:12","date_gmt":"2016-06-06T12:57:12","guid":{"rendered":"http:\/\/joanardevol.org\/info\/?p=3666"},"modified":"2016-06-06T14:57:12","modified_gmt":"2016-06-06T12:57:12","slug":"infantil-visita-minitarraco","status":"publish","type":"post","link":"https:\/\/agora.xtec.cat\/escjoanardevol\/infantil\/infantil-visita-minitarraco\/","title":{"rendered":"Infantil visita Minit\u00e0rraco"},"content":{"rendered":"<p>Els nens i nenes de P3, P4 i P5 vam anar d&#8217;excursi\u00f3 al Mini T\u00e0rraco per con\u00e8ixer com vivien els romans, i veure els monuments m\u00e9s emblem\u00e0tics de Tarragona en miniatura. Vam fer d&#8217;arque\u00f2legs tot buscant runes romanes, i vam trobar molts tresors. Tamb\u00e9 vam caminar entre la muralla de Tarragona, l&#8217;amfiteatre, la Catedral de Tarragona, i molts altres, i vam con\u00e8ixer la hist\u00f2ria de Sant Mag\u00ed. I per la tarda vam fer una excursi\u00f3 fins al Port del Diable, on vam poder escoltar-ne la seva hist\u00f2ria.<\/p>\n<table style=\"width: 194px;\">\n<tbody>\n<tr>\n<td style=\"height: 194px; background: url('https:\/\/www.gstatic.com\/pwa\/s\/v\/lighthousefe_20160427.00_p0\/transparent_album_background.gif') no-repeat left;\" align=\"center\"><a href=\"https:\/\/picasaweb.google.com\/107198051835113305356\/6293060717349114545?authuser=0&amp;feat=embedwebsite\" target=\"_blank\"><img loading=\"lazy\" decoding=\"async\" class=\"alignnone\" style=\"margin: 1px 0 0 4px;\" src=\"https:\/\/lh3.googleusercontent.com\/-F13Fjtbe4f0\/V1VxYV-PErE\/AAAAAAAAGdM\/UP2UBQcx_iEAoHpskoCogG1UI-CnA9c2QCCo\/s160-c\/6293060717349114545\" width=\"160\" height=\"160\" \/><\/a><\/td>\n<\/tr>\n<tr>\n<td style=\"text-align: center; font-family: arial,sans-serif; font-size: 11px;\"><a style=\"color: #4d4d4d; font-weight: bold; text-decoration: none;\" href=\"https:\/\/picasaweb.google.com\/107198051835113305356\/6293060717349114545?authuser=0&amp;feat=embedwebsite\" target=\"_blank\">Infantil Minitarraco<\/a><\/td>\n<\/tr>\n<\/tbody>\n<\/table>\n<p>[alpine-phototile-for-picasa-and-google-plus src=&#8221;user_album&#8221; uid=&#8221;107198051835113305356&#8243; ualb=&#8221;6293060717349114545&#8243; imgl=&#8221;picasa&#8221; style=&#8221;rift&#8221; row=&#8221;4&#8243; size=&#8221;512&#8243; num=&#8221;30&#8243; align=&#8221;center&#8221; max=&#8221;100&#8243;]<\/p>\n","protected":false},"excerpt":{"rendered":"<p>Els nens i nenes de P3, P4 i P5 vam anar d&#8217;excursi\u00f3 al Mini T\u00e0rraco per con\u00e8ixer com vivien els romans, i veure els monuments m\u00e9s emblem\u00e0tics de Tarragona en miniatura. Vam fer d&#8217;arque\u00f2legs tot buscant runes romanes, i vam trobar molts tresors. Tamb\u00e9 vam&hellip;  <a href=\"https:\/\/agora.xtec.cat\/escjoanardevol\/infantil\/infantil-visita-minitarraco\/\" title=\"Read Infantil visita Minit\u00e0rraco\">Llegeix m\u00e9s\u00bb<\/a><\/p>\n","protected":false},"author":1,"featured_media":3667,"comment_status":"closed","ping_status":"open","sticky":false,"template":"","format":"standard","meta":{"_bbp_topic_count":0,"_bbp_reply_count":0,"_bbp_total_topic_count":0,"_bbp_total_reply_count":0,"_bbp_voice_count":0,"_bbp_anonymous_reply_count":0,"_bbp_topic_count_hidden":0,"_bbp_reply_count_hidden":0,"_bbp_forum_subforum_count":0,"footnotes":""},"categories":[2,3,8,9,4],"tags":[93,103,16],"class_list":["post-3666","post","type-post","status-publish","format-standard","has-post-thumbnail","hentry","category-infantil","category-p3","category-p4","category-p5","category-portada","tag-convivencia","tag-educacio-infantil","tag-sortides"],"post_mailing_queue_ids":[],"_links":{"self":[{"href":"https:\/\/agora.xtec.cat\/escjoanardevol\/wp-json\/wp\/v2\/posts\/3666","targetHints":{"allow":["GET"]}}],"collection":[{"href":"https:\/\/agora.xtec.cat\/escjoanardevol\/wp-json\/wp\/v2\/posts"}],"about":[{"href":"https:\/\/agora.xtec.cat\/escjoanardevol\/wp-json\/wp\/v2\/types\/post"}],"author":[{"embeddable":true,"href":"https:\/\/agora.xtec.cat\/escjoanardevol\/wp-json\/wp\/v2\/users\/1"}],"replies":[{"embeddable":true,"href":"https:\/\/agora.xtec.cat\/escjoanardevol\/wp-json\/wp\/v2\/comments?post=3666"}],"version-history":[{"count":0,"href":"https:\/\/agora.xtec.cat\/escjoanardevol\/wp-json\/wp\/v2\/posts\/3666\/revisions"}],"wp:featuredmedia":[{"embeddable":true,"href":"https:\/\/agora.xtec.cat\/escjoanardevol\/wp-json\/wp\/v2\/media\/3667"}],"wp:attachment":[{"href":"https:\/\/agora.xtec.cat\/escjoanardevol\/wp-json\/wp\/v2\/media?parent=3666"}],"wp:term":[{"taxonomy":"category","embeddable":true,"href":"https:\/\/agora.xtec.cat\/escjoanardevol\/wp-json\/wp\/v2\/categories?post=3666"},{"taxonomy":"post_tag","embeddable":true,"href":"https:\/\/agora.xtec.cat\/escjoanardevol\/wp-json\/wp\/v2\/tags?post=3666"}],"curies":[{"name":"wp","href":"https:\/\/api.w.org\/{rel}","templated":true}]}}