{"id":3660,"date":"2016-05-28T22:50:22","date_gmt":"2016-05-28T20:50:22","guid":{"rendered":"http:\/\/joanardevol.org\/info\/?p=3660"},"modified":"2016-05-28T22:50:22","modified_gmt":"2016-05-28T20:50:22","slug":"experimentem-amb-aigua","status":"publish","type":"post","link":"https:\/\/agora.xtec.cat\/escjoanardevol\/infantil\/experimentem-amb-aigua\/","title":{"rendered":"Experimentem amb aigua"},"content":{"rendered":"<p>Els nens i nenes de P4 hem fet experiments amb aigua, fent circuits amb m\u00e0negues de diferents mides, embuts i galledes, per veure el recorregut que feia l&#8217;aigua. Hem fet curses tot tirant l&#8217;aigua pels embuts per comprovar quina era la m\u00e0nega m\u00e9s r\u00e0pida, i hem descobert que com m\u00e9s curta era la m\u00e0nega m\u00e9s r\u00e0pid ompliem la galleda.<\/p>\n<p>[alpine-phototile-for-picasa-and-google-plus src=&#8221;user_album&#8221; uid=&#8221;107198051835113305356&#8243; ualb=&#8221;6289395821422307169&#8243; imgl=&#8221;picasa&#8221; style=&#8221;rift&#8221; row=&#8221;4&#8243; size=&#8221;512&#8243; num=&#8221;30&#8243; align=&#8221;center&#8221; max=&#8221;100&#8243;]<\/p>\n","protected":false},"excerpt":{"rendered":"<p>Els nens i nenes de P4 hem fet experiments amb aigua, fent circuits amb m\u00e0negues de diferents mides, embuts i galledes, per veure el recorregut que feia l&#8217;aigua. Hem fet curses tot tirant l&#8217;aigua pels embuts per comprovar quina era la m\u00e0nega m\u00e9s r\u00e0pida, i&hellip;  <a href=\"https:\/\/agora.xtec.cat\/escjoanardevol\/infantil\/experimentem-amb-aigua\/\" title=\"Read Experimentem amb aigua\">Llegeix m\u00e9s\u00bb<\/a><\/p>\n","protected":false},"author":1,"featured_media":3664,"comment_status":"closed","ping_status":"open","sticky":false,"template":"","format":"standard","meta":{"_bbp_topic_count":0,"_bbp_reply_count":0,"_bbp_total_topic_count":0,"_bbp_total_reply_count":0,"_bbp_voice_count":0,"_bbp_anonymous_reply_count":0,"_bbp_topic_count_hidden":0,"_bbp_reply_count_hidden":0,"_bbp_forum_subforum_count":0,"footnotes":""},"categories":[2,3,8,9,4],"tags":[59,80,103],"class_list":["post-3660","post","type-post","status-publish","format-standard","has-post-thumbnail","hentry","category-infantil","category-p3","category-p4","category-p5","category-portada","tag-activitats","tag-ciencies","tag-educacio-infantil"],"post_mailing_queue_ids":[],"_links":{"self":[{"href":"https:\/\/agora.xtec.cat\/escjoanardevol\/wp-json\/wp\/v2\/posts\/3660","targetHints":{"allow":["GET"]}}],"collection":[{"href":"https:\/\/agora.xtec.cat\/escjoanardevol\/wp-json\/wp\/v2\/posts"}],"about":[{"href":"https:\/\/agora.xtec.cat\/escjoanardevol\/wp-json\/wp\/v2\/types\/post"}],"author":[{"embeddable":true,"href":"https:\/\/agora.xtec.cat\/escjoanardevol\/wp-json\/wp\/v2\/users\/1"}],"replies":[{"embeddable":true,"href":"https:\/\/agora.xtec.cat\/escjoanardevol\/wp-json\/wp\/v2\/comments?post=3660"}],"version-history":[{"count":0,"href":"https:\/\/agora.xtec.cat\/escjoanardevol\/wp-json\/wp\/v2\/posts\/3660\/revisions"}],"wp:featuredmedia":[{"embeddable":true,"href":"https:\/\/agora.xtec.cat\/escjoanardevol\/wp-json\/wp\/v2\/media\/3664"}],"wp:attachment":[{"href":"https:\/\/agora.xtec.cat\/escjoanardevol\/wp-json\/wp\/v2\/media?parent=3660"}],"wp:term":[{"taxonomy":"category","embeddable":true,"href":"https:\/\/agora.xtec.cat\/escjoanardevol\/wp-json\/wp\/v2\/categories?post=3660"},{"taxonomy":"post_tag","embeddable":true,"href":"https:\/\/agora.xtec.cat\/escjoanardevol\/wp-json\/wp\/v2\/tags?post=3660"}],"curies":[{"name":"wp","href":"https:\/\/api.w.org\/{rel}","templated":true}]}}