{"id":3653,"date":"2016-05-27T10:38:43","date_gmt":"2016-05-27T08:38:43","guid":{"rendered":"http:\/\/joanardevol.org\/info\/?p=3653"},"modified":"2016-05-27T10:38:43","modified_gmt":"2016-05-27T08:38:43","slug":"3653","status":"publish","type":"post","link":"https:\/\/agora.xtec.cat\/escjoanardevol\/portada\/3653\/","title":{"rendered":"Educaci\u00f3 vi\u00e0ria a 6\u00e8"},"content":{"rendered":"<p>Els alumnes de 6\u00e8 hem fet una sortida en bicicleta per posar en pr\u00e0ctica el que hem apr\u00e8s a les sessions d\u2019Educaci\u00f3 Vi\u00e0ria.\u00a0 El Coco i el Pere ens van mostrar la import\u00e0ncia de les mesures de seguretat a l\u2019hora de despla\u00e7ar-nos pel carrer, com a conductors o com a vianants.<br \/>\nVam fer una bona passejada per les platges de ponent. Ens ho vam passar molt b\u00e9!!<\/p>\n<table style=\"width: 194px;\">\n<tbody>\n<tr>\n<td style=\"height: 194px; background: url('https:\/\/www.gstatic.com\/pwa\/s\/v\/lighthousefe_20160427.00_p0\/transparent_album_background.gif') no-repeat left;\" align=\"center\"><a href=\"https:\/\/picasaweb.google.com\/107198051835113305356\/6288986840081027073?authuser=0&amp;feat=embedwebsite\" target=\"_blank\"><img loading=\"lazy\" decoding=\"async\" class=\"alignnone\" style=\"margin: 1px 0 0 4px;\" src=\"https:\/\/lh3.googleusercontent.com\/-oIId1GINu50\/V0b4Negi0AE\/AAAAAAAAGV4\/aWRHxtI-V5AZcgV1igwXqgw2URi1x3MaQCCo\/s160-c\/6288986840081027073\" width=\"160\" height=\"160\" \/><\/a><\/td>\n<\/tr>\n<tr>\n<td style=\"text-align: center; font-family: arial,sans-serif; font-size: 11px;\"><a style=\"color: #4d4d4d; font-weight: bold; text-decoration: none;\" href=\"https:\/\/picasaweb.google.com\/107198051835113305356\/6288986840081027073?authuser=0&amp;feat=embedwebsite\" target=\"_blank\">Educaci\u00f3 vi\u00e0ria 6\u00e8<\/a><\/td>\n<\/tr>\n<\/tbody>\n<\/table>\n<p>[alpine-phototile-for-picasa-and-google-plus src=&#8221;user_album&#8221; uid=&#8221;107198051835113305356&#8243; ualb=&#8221;6288986840081027073&#8243; imgl=&#8221;picasa&#8221; style=&#8221;rift&#8221; row=&#8221;4&#8243; size=&#8221;512&#8243; num=&#8221;30&#8243; align=&#8221;center&#8221; max=&#8221;100&#8243;]<\/p>\n","protected":false},"excerpt":{"rendered":"<p>Els alumnes de 6\u00e8 hem fet una sortida en bicicleta per posar en pr\u00e0ctica el que hem apr\u00e8s a les sessions d\u2019Educaci\u00f3 Vi\u00e0ria.\u00a0 El Coco i el Pere ens van mostrar la import\u00e0ncia de les mesures de seguretat a l\u2019hora de despla\u00e7ar-nos pel carrer, com&hellip;  <a href=\"https:\/\/agora.xtec.cat\/escjoanardevol\/portada\/3653\/\" title=\"Read Educaci\u00f3 vi\u00e0ria a 6\u00e8\">Llegeix m\u00e9s\u00bb<\/a><\/p>\n","protected":false},"author":1,"featured_media":3654,"comment_status":"closed","ping_status":"open","sticky":false,"template":"","format":"standard","meta":{"_bbp_topic_count":0,"_bbp_reply_count":0,"_bbp_total_topic_count":0,"_bbp_total_reply_count":0,"_bbp_voice_count":0,"_bbp_anonymous_reply_count":0,"_bbp_topic_count_hidden":0,"_bbp_reply_count_hidden":0,"_bbp_forum_subforum_count":0,"footnotes":""},"categories":[14,15,4],"tags":[77,94,16],"class_list":["post-3653","post","type-post","status-publish","format-standard","has-post-thumbnail","hentry","category-5e","category-6e","category-portada","tag-cicle-superior-2","tag-cooperacio","tag-sortides"],"post_mailing_queue_ids":[],"_links":{"self":[{"href":"https:\/\/agora.xtec.cat\/escjoanardevol\/wp-json\/wp\/v2\/posts\/3653","targetHints":{"allow":["GET"]}}],"collection":[{"href":"https:\/\/agora.xtec.cat\/escjoanardevol\/wp-json\/wp\/v2\/posts"}],"about":[{"href":"https:\/\/agora.xtec.cat\/escjoanardevol\/wp-json\/wp\/v2\/types\/post"}],"author":[{"embeddable":true,"href":"https:\/\/agora.xtec.cat\/escjoanardevol\/wp-json\/wp\/v2\/users\/1"}],"replies":[{"embeddable":true,"href":"https:\/\/agora.xtec.cat\/escjoanardevol\/wp-json\/wp\/v2\/comments?post=3653"}],"version-history":[{"count":0,"href":"https:\/\/agora.xtec.cat\/escjoanardevol\/wp-json\/wp\/v2\/posts\/3653\/revisions"}],"wp:featuredmedia":[{"embeddable":true,"href":"https:\/\/agora.xtec.cat\/escjoanardevol\/wp-json\/wp\/v2\/media\/3654"}],"wp:attachment":[{"href":"https:\/\/agora.xtec.cat\/escjoanardevol\/wp-json\/wp\/v2\/media?parent=3653"}],"wp:term":[{"taxonomy":"category","embeddable":true,"href":"https:\/\/agora.xtec.cat\/escjoanardevol\/wp-json\/wp\/v2\/categories?post=3653"},{"taxonomy":"post_tag","embeddable":true,"href":"https:\/\/agora.xtec.cat\/escjoanardevol\/wp-json\/wp\/v2\/tags?post=3653"}],"curies":[{"name":"wp","href":"https:\/\/api.w.org\/{rel}","templated":true}]}}