{"id":3650,"date":"2016-05-26T15:16:30","date_gmt":"2016-05-26T13:16:30","guid":{"rendered":"http:\/\/joanardevol.org\/info\/?p=3650"},"modified":"2016-05-26T15:16:30","modified_gmt":"2016-05-26T13:16:30","slug":"sortida-a-laeroport-i-a-lespai-gaudi-de-reus","status":"publish","type":"post","link":"https:\/\/agora.xtec.cat\/escjoanardevol\/portada\/sortida-a-laeroport-i-a-lespai-gaudi-de-reus\/","title":{"rendered":"Sortida a l&#8217;aeroport i a l&#8217;Espai Gaud\u00ed de Reus"},"content":{"rendered":"<div>Els alumnes de cinqu\u00e8 de prim\u00e0ria hem visitat l&#8217;aeroport de Reus. Hem tingut la sort de visitar l&#8217;aer\u00f2drom, de con\u00e8ixer com treballen els bombers de l&#8217;aeroport i de veure de ben a prop un falconer i les seves espectaculars aus.<\/div>\n<div>Tamb\u00e9 hem visitat el centre d&#8217;interpretaci\u00f3 de Gaud\u00ed a Reus i hem pogut con\u00e8ixer millor aquest genial arquitecte i les seves obres.<\/div>\n<div><\/div>\n<div>Podeu veure la galeria completa de fotos clicant damunt la imatge:<\/div>\n<div><\/div>\n<table style=\"width: 194px;\">\n<tbody>\n<tr>\n<td style=\"height: 194px; background: url('https:\/\/www.gstatic.com\/pwa\/s\/v\/lighthousefe_20160427.00_p0\/transparent_album_background.gif') no-repeat left;\" align=\"center\"><a href=\"https:\/\/picasaweb.google.com\/107198051835113305356\/6288983767982448033?authuser=0&amp;feat=embedwebsite\" target=\"_blank\"><img loading=\"lazy\" decoding=\"async\" class=\"alignnone\" style=\"margin: 1px 0 0 4px;\" src=\"https:\/\/lh3.googleusercontent.com\/-6qjsMbMOIpk\/V0b1aqDKnaE\/AAAAAAAAGRk\/KLfpK0kIjDoI-8HY995EzZK0_uhIbddwACCo\/s160-c\/6288983767982448033\" width=\"160\" height=\"160\" \/><\/a><\/td>\n<\/tr>\n<tr>\n<td style=\"text-align: center; font-family: arial,sans-serif; font-size: 11px;\"><a style=\"color: #4d4d4d; font-weight: bold; text-decoration: none;\" href=\"https:\/\/picasaweb.google.com\/107198051835113305356\/6288983767982448033?authuser=0&amp;feat=embedwebsite\" target=\"_blank\">5\u00e8 Aeroport i Capsa Gaud\u00ed<\/a><\/td>\n<\/tr>\n<\/tbody>\n<\/table>\n<div><\/div>\n<div>[alpine-phototile-for-picasa-and-google-plus src=&#8221;user_album&#8221; uid=&#8221;107198051835113305356&#8243; ualb=&#8221;6288983767982448033&#8243; imgl=&#8221;picasa&#8221; style=&#8221;rift&#8221; row=&#8221;4&#8243; size=&#8221;512&#8243; num=&#8221;30&#8243; align=&#8221;center&#8221; max=&#8221;100&#8243;]<\/div>\n","protected":false},"excerpt":{"rendered":"<p>Els alumnes de cinqu\u00e8 de prim\u00e0ria hem visitat l&#8217;aeroport de Reus. Hem tingut la sort de visitar l&#8217;aer\u00f2drom, de con\u00e8ixer com treballen els bombers de l&#8217;aeroport i de veure de ben a prop un falconer i les seves espectaculars aus.<br \/>\nTamb\u00e9 hem visitat el centre d&#8217;interpretaci\u00f3&hellip;  <a href=\"https:\/\/agora.xtec.cat\/escjoanardevol\/portada\/sortida-a-laeroport-i-a-lespai-gaudi-de-reus\/\" title=\"Read Sortida a l&#8217;aeroport i a l&#8217;Espai Gaud\u00ed de Reus\">Llegeix m\u00e9s\u00bb<\/a><\/p>\n","protected":false},"author":1,"featured_media":3651,"comment_status":"closed","ping_status":"open","sticky":false,"template":"","format":"standard","meta":{"_bbp_topic_count":0,"_bbp_reply_count":0,"_bbp_total_topic_count":0,"_bbp_total_reply_count":0,"_bbp_voice_count":0,"_bbp_anonymous_reply_count":0,"_bbp_topic_count_hidden":0,"_bbp_reply_count_hidden":0,"_bbp_forum_subforum_count":0,"footnotes":""},"categories":[14,15,4],"tags":[77,82,16],"class_list":["post-3650","post","type-post","status-publish","format-standard","has-post-thumbnail","hentry","category-5e","category-6e","category-portada","tag-cicle-superior-2","tag-cinque","tag-sortides"],"post_mailing_queue_ids":[],"_links":{"self":[{"href":"https:\/\/agora.xtec.cat\/escjoanardevol\/wp-json\/wp\/v2\/posts\/3650","targetHints":{"allow":["GET"]}}],"collection":[{"href":"https:\/\/agora.xtec.cat\/escjoanardevol\/wp-json\/wp\/v2\/posts"}],"about":[{"href":"https:\/\/agora.xtec.cat\/escjoanardevol\/wp-json\/wp\/v2\/types\/post"}],"author":[{"embeddable":true,"href":"https:\/\/agora.xtec.cat\/escjoanardevol\/wp-json\/wp\/v2\/users\/1"}],"replies":[{"embeddable":true,"href":"https:\/\/agora.xtec.cat\/escjoanardevol\/wp-json\/wp\/v2\/comments?post=3650"}],"version-history":[{"count":0,"href":"https:\/\/agora.xtec.cat\/escjoanardevol\/wp-json\/wp\/v2\/posts\/3650\/revisions"}],"wp:featuredmedia":[{"embeddable":true,"href":"https:\/\/agora.xtec.cat\/escjoanardevol\/wp-json\/wp\/v2\/media\/3651"}],"wp:attachment":[{"href":"https:\/\/agora.xtec.cat\/escjoanardevol\/wp-json\/wp\/v2\/media?parent=3650"}],"wp:term":[{"taxonomy":"category","embeddable":true,"href":"https:\/\/agora.xtec.cat\/escjoanardevol\/wp-json\/wp\/v2\/categories?post=3650"},{"taxonomy":"post_tag","embeddable":true,"href":"https:\/\/agora.xtec.cat\/escjoanardevol\/wp-json\/wp\/v2\/tags?post=3650"}],"curies":[{"name":"wp","href":"https:\/\/api.w.org\/{rel}","templated":true}]}}