{"id":3644,"date":"2016-05-24T15:56:23","date_gmt":"2016-05-24T13:56:23","guid":{"rendered":"http:\/\/joanardevol.org\/info\/?p=3644"},"modified":"2016-05-24T15:56:23","modified_gmt":"2016-05-24T13:56:23","slug":"cantata-al-pavello","status":"publish","type":"post","link":"https:\/\/agora.xtec.cat\/escjoanardevol\/portada\/cantata-al-pavello\/","title":{"rendered":"Cantata al pavell\u00f3"},"content":{"rendered":"<p>Avui 24 de maig, els alumnes de tercer de totes les escoles hem participat en en la 2a. cantata de Cambrils, al pavell\u00f3 municipal d&#8217;esports. <b>Florinda, la vaca pallassa<\/b> ha estat la pe\u00e7a escollida per aquest curs. Ens ho hem passat molt b\u00e9 preparant-la i molt m\u00e9s cantant-la davant de les nostres fam\u00edlies. Ha estat una experi\u00e8ncia meravellosa!<\/p>\n<p>[alpine-phototile-for-picasa-and-google-plus src=&#8221;user_album&#8221; uid=&#8221;107198051835113305356&#8243; ualb=&#8221;6288268060809503841&#8243; imgl=&#8221;picasa&#8221; style=&#8221;rift&#8221; row=&#8221;4&#8243; size=&#8221;512&#8243; num=&#8221;30&#8243; align=&#8221;center&#8221; max=&#8221;100&#8243;]<\/p>\n","protected":false},"excerpt":{"rendered":"<p>Avui 24 de maig, els alumnes de tercer de totes les escoles hem participat en en la 2a. cantata de Cambrils, al pavell\u00f3 municipal d&#8217;esports. Florinda, la vaca pallassa ha estat la pe\u00e7a escollida per aquest curs. Ens ho hem passat molt b\u00e9 preparant-la i&hellip;  <a href=\"https:\/\/agora.xtec.cat\/escjoanardevol\/portada\/cantata-al-pavello\/\" title=\"Read Cantata al pavell\u00f3\">Llegeix m\u00e9s\u00bb<\/a><\/p>\n","protected":false},"author":1,"featured_media":3647,"comment_status":"closed","ping_status":"open","sticky":false,"template":"","format":"standard","meta":{"_bbp_topic_count":0,"_bbp_reply_count":0,"_bbp_total_topic_count":0,"_bbp_total_reply_count":0,"_bbp_voice_count":0,"_bbp_anonymous_reply_count":0,"_bbp_topic_count_hidden":0,"_bbp_reply_count_hidden":0,"_bbp_forum_subforum_count":0,"footnotes":""},"categories":[12,13,4],"tags":[59,69,76,145],"class_list":["post-3644","post","type-post","status-publish","format-standard","has-post-thumbnail","hentry","category-3r","category-4t","category-portada","tag-activitats","tag-cambrils","tag-cicle-mitja","tag-musica"],"post_mailing_queue_ids":[],"_links":{"self":[{"href":"https:\/\/agora.xtec.cat\/escjoanardevol\/wp-json\/wp\/v2\/posts\/3644","targetHints":{"allow":["GET"]}}],"collection":[{"href":"https:\/\/agora.xtec.cat\/escjoanardevol\/wp-json\/wp\/v2\/posts"}],"about":[{"href":"https:\/\/agora.xtec.cat\/escjoanardevol\/wp-json\/wp\/v2\/types\/post"}],"author":[{"embeddable":true,"href":"https:\/\/agora.xtec.cat\/escjoanardevol\/wp-json\/wp\/v2\/users\/1"}],"replies":[{"embeddable":true,"href":"https:\/\/agora.xtec.cat\/escjoanardevol\/wp-json\/wp\/v2\/comments?post=3644"}],"version-history":[{"count":0,"href":"https:\/\/agora.xtec.cat\/escjoanardevol\/wp-json\/wp\/v2\/posts\/3644\/revisions"}],"wp:featuredmedia":[{"embeddable":true,"href":"https:\/\/agora.xtec.cat\/escjoanardevol\/wp-json\/wp\/v2\/media\/3647"}],"wp:attachment":[{"href":"https:\/\/agora.xtec.cat\/escjoanardevol\/wp-json\/wp\/v2\/media?parent=3644"}],"wp:term":[{"taxonomy":"category","embeddable":true,"href":"https:\/\/agora.xtec.cat\/escjoanardevol\/wp-json\/wp\/v2\/categories?post=3644"},{"taxonomy":"post_tag","embeddable":true,"href":"https:\/\/agora.xtec.cat\/escjoanardevol\/wp-json\/wp\/v2\/tags?post=3644"}],"curies":[{"name":"wp","href":"https:\/\/api.w.org\/{rel}","templated":true}]}}