{"id":3639,"date":"2016-05-23T16:43:18","date_gmt":"2016-05-23T14:43:18","guid":{"rendered":"http:\/\/joanardevol.org\/info\/?p=3639"},"modified":"2016-05-23T16:43:18","modified_gmt":"2016-05-23T14:43:18","slug":"visita-al-moli-de-les-tres-eres","status":"publish","type":"post","link":"https:\/\/agora.xtec.cat\/escjoanardevol\/infantil\/visita-al-moli-de-les-tres-eres\/","title":{"rendered":"Visita al mol\u00ed de les tres eres"},"content":{"rendered":"<div>Dimecres de la setmana passada els nens i les nenes de P5 vam anar a visitar el Mol\u00ed de les Tres Eres de Cambrils. Ens van explicar qu\u00e8 era un mol\u00ed fariner, ens van ensenyar totes les parts de l&#8217;edifici i tamb\u00e9 la bassa plena d&#8217;aigua que hi ha a l&#8217;exterior. Finalment van posar en funcionament la maquin\u00e0ria i vam poder veure com la for\u00e7a de l&#8217;aigua feia moure les moles.<\/div>\n<p>Va ser una visita molt interessant.<\/p>\n<p>[alpine-phototile-for-picasa-and-google-plus src=&#8221;user_album&#8221; uid=&#8221;107198051835113305356&#8243; ualb=&#8221;6287893909260751793&#8243; imgl=&#8221;picasa&#8221; style=&#8221;rift&#8221; row=&#8221;4&#8243; size=&#8221;512&#8243; num=&#8221;30&#8243; align=&#8221;center&#8221; max=&#8221;100&#8243;]<\/p>\n","protected":false},"excerpt":{"rendered":"<p>Dimecres de la setmana passada els nens i les nenes de P5 vam anar a visitar el Mol\u00ed de les Tres Eres de Cambrils. Ens van explicar qu\u00e8 era un mol\u00ed fariner, ens van ensenyar totes les parts de l&#8217;edifici i tamb\u00e9 la bassa plena&hellip;  <a href=\"https:\/\/agora.xtec.cat\/escjoanardevol\/infantil\/visita-al-moli-de-les-tres-eres\/\" title=\"Read Visita al mol\u00ed de les tres eres\">Llegeix m\u00e9s\u00bb<\/a><\/p>\n","protected":false},"author":1,"featured_media":3640,"comment_status":"closed","ping_status":"open","sticky":false,"template":"","format":"standard","meta":{"_bbp_topic_count":0,"_bbp_reply_count":0,"_bbp_total_topic_count":0,"_bbp_total_reply_count":0,"_bbp_voice_count":0,"_bbp_anonymous_reply_count":0,"_bbp_topic_count_hidden":0,"_bbp_reply_count_hidden":0,"_bbp_forum_subforum_count":0,"footnotes":""},"categories":[2,3,8,9,4],"tags":[69,103,144,16],"class_list":["post-3639","post","type-post","status-publish","format-standard","has-post-thumbnail","hentry","category-infantil","category-p3","category-p4","category-p5","category-portada","tag-cambrils","tag-educacio-infantil","tag-museus","tag-sortides"],"post_mailing_queue_ids":[],"_links":{"self":[{"href":"https:\/\/agora.xtec.cat\/escjoanardevol\/wp-json\/wp\/v2\/posts\/3639","targetHints":{"allow":["GET"]}}],"collection":[{"href":"https:\/\/agora.xtec.cat\/escjoanardevol\/wp-json\/wp\/v2\/posts"}],"about":[{"href":"https:\/\/agora.xtec.cat\/escjoanardevol\/wp-json\/wp\/v2\/types\/post"}],"author":[{"embeddable":true,"href":"https:\/\/agora.xtec.cat\/escjoanardevol\/wp-json\/wp\/v2\/users\/1"}],"replies":[{"embeddable":true,"href":"https:\/\/agora.xtec.cat\/escjoanardevol\/wp-json\/wp\/v2\/comments?post=3639"}],"version-history":[{"count":0,"href":"https:\/\/agora.xtec.cat\/escjoanardevol\/wp-json\/wp\/v2\/posts\/3639\/revisions"}],"wp:featuredmedia":[{"embeddable":true,"href":"https:\/\/agora.xtec.cat\/escjoanardevol\/wp-json\/wp\/v2\/media\/3640"}],"wp:attachment":[{"href":"https:\/\/agora.xtec.cat\/escjoanardevol\/wp-json\/wp\/v2\/media?parent=3639"}],"wp:term":[{"taxonomy":"category","embeddable":true,"href":"https:\/\/agora.xtec.cat\/escjoanardevol\/wp-json\/wp\/v2\/categories?post=3639"},{"taxonomy":"post_tag","embeddable":true,"href":"https:\/\/agora.xtec.cat\/escjoanardevol\/wp-json\/wp\/v2\/tags?post=3639"}],"curies":[{"name":"wp","href":"https:\/\/api.w.org\/{rel}","templated":true}]}}