{"id":363,"date":"2010-12-17T12:50:45","date_gmt":"2010-12-17T12:50:45","guid":{"rendered":"http:\/\/joanardevol.org\/info\/?p=363"},"modified":"2010-12-17T12:50:45","modified_gmt":"2010-12-17T12:50:45","slug":"marato-tv3","status":"publish","type":"post","link":"https:\/\/agora.xtec.cat\/escjoanardevol\/general\/marato-tv3\/","title":{"rendered":"Marat\u00f3 TV3"},"content":{"rendered":"<p>Els alumnes de l&#8217;escola van participar un any m\u00e9s a la iniciativa de recaptar diners per la Marat\u00f3 de TV3.<\/p>\n<p><a title=\"Marat\u00f3 TV3 2010 Joan Ard\u00e8vol\" href=\"http:\/\/picasaweb.google.com\/116568891355330280614\/MaratoTV3#\" target=\"_blank\"><img loading=\"lazy\" decoding=\"async\" class=\"alignnone\" title=\"Marat\u00f3 TV3 Joan Ardevol\" src=\"http:\/\/lh5.ggpht.com\/_EsGDyIYabI8\/TRHayZYWe8I\/AAAAAAAAAEk\/8MlNQt210lo\/s800\/IMG_0600.JPG\" alt=\"\" width=\"480\" height=\"360\" \/><\/a><\/p>\n<p>Cliqueu damunt de la foto per veure tota la galeria d&#8217;imatges!<\/p>\n","protected":false},"excerpt":{"rendered":"<p>Els alumnes de l&#8217;escola van participar un any m\u00e9s a la iniciativa de recaptar diners per la Marat\u00f3 de TV3.<br \/>\n<a title=\"Marat\u00f3 TV3 2010 Joan Ard\u00e8vol\" href=\"http:\/\/picasaweb.google.com\/116568891355330280614\/MaratoTV3#\" target=\"_blank\"><\/a><br \/>\nCliqueu damunt de la foto per veure tota la galeria d&#8217;imatges!<\/p>\n","protected":false},"author":1,"featured_media":0,"comment_status":"open","ping_status":"open","sticky":false,"template":"","format":"standard","meta":{"_bbp_topic_count":0,"_bbp_reply_count":0,"_bbp_total_topic_count":0,"_bbp_total_reply_count":0,"_bbp_voice_count":0,"_bbp_anonymous_reply_count":0,"_bbp_topic_count_hidden":0,"_bbp_reply_count_hidden":0,"_bbp_forum_subforum_count":0,"footnotes":""},"categories":[10,12,14,1,2],"tags":[59,78,138],"class_list":["post-363","post","type-post","status-publish","format-standard","hentry","category-1r","category-3r","category-5e","category-general","category-infantil","tag-activitats","tag-cicles","tag-marato"],"post_mailing_queue_ids":[],"_links":{"self":[{"href":"https:\/\/agora.xtec.cat\/escjoanardevol\/wp-json\/wp\/v2\/posts\/363","targetHints":{"allow":["GET"]}}],"collection":[{"href":"https:\/\/agora.xtec.cat\/escjoanardevol\/wp-json\/wp\/v2\/posts"}],"about":[{"href":"https:\/\/agora.xtec.cat\/escjoanardevol\/wp-json\/wp\/v2\/types\/post"}],"author":[{"embeddable":true,"href":"https:\/\/agora.xtec.cat\/escjoanardevol\/wp-json\/wp\/v2\/users\/1"}],"replies":[{"embeddable":true,"href":"https:\/\/agora.xtec.cat\/escjoanardevol\/wp-json\/wp\/v2\/comments?post=363"}],"version-history":[{"count":0,"href":"https:\/\/agora.xtec.cat\/escjoanardevol\/wp-json\/wp\/v2\/posts\/363\/revisions"}],"wp:attachment":[{"href":"https:\/\/agora.xtec.cat\/escjoanardevol\/wp-json\/wp\/v2\/media?parent=363"}],"wp:term":[{"taxonomy":"category","embeddable":true,"href":"https:\/\/agora.xtec.cat\/escjoanardevol\/wp-json\/wp\/v2\/categories?post=363"},{"taxonomy":"post_tag","embeddable":true,"href":"https:\/\/agora.xtec.cat\/escjoanardevol\/wp-json\/wp\/v2\/tags?post=363"}],"curies":[{"name":"wp","href":"https:\/\/api.w.org\/{rel}","templated":true}]}}