{"id":3629,"date":"2016-05-11T08:40:16","date_gmt":"2016-05-11T06:40:16","guid":{"rendered":"http:\/\/joanardevol.org\/info\/?p=3629"},"modified":"2016-05-11T08:40:16","modified_gmt":"2016-05-11T06:40:16","slug":"castells-a-6e","status":"publish","type":"post","link":"https:\/\/agora.xtec.cat\/escjoanardevol\/portada\/castells-a-6e\/","title":{"rendered":"Castells a 6\u00e8"},"content":{"rendered":"<p>Aquest dilluns, els alumnes de 6\u00e8 hem apr\u00e8s moltes coses al voltant del m\u00f3n dels castells.\u00a0 L\u2019Aurora ens ha explicat que aquesta tradici\u00f3 va n\u00e9ixer a Valls, quan un grup de pagesos de la zona van comen\u00e7ar a fer castells humans. Anys m\u00e9s tard, durant la dictadura, van ser prohibits i amb la democr\u00e0cia legalitzats de nou.<\/p>\n<p>Tamb\u00e9 ens ha ensenyat les diferents parts d\u2019un castell: pinya, folre, manilles, quarts&#8230; i el m\u00e9s divertit de tot ha estat quan hem constru\u00eft els nostres propis castells. Carregar i descarregar un castell \u00e9s molt m\u00e9s dif\u00edcil del que sembla!!<\/p>\n<table style=\"width: 194px;\">\n<tbody>\n<tr>\n<td style=\"height: 194px; background: url('https:\/\/www.gstatic.com\/pwa\/s\/v\/lighthousefe_20160427.00_p0\/transparent_album_background.gif') no-repeat left;\" align=\"center\"><a href=\"https:\/\/picasaweb.google.com\/107198051835113305356\/6282731474979288321?authuser=0&amp;feat=embedwebsite\" target=\"_blank\"><img loading=\"lazy\" decoding=\"async\" class=\"alignnone\" style=\"margin: 1px 0 0 4px;\" src=\"https:\/\/lh3.googleusercontent.com\/-DeGfRntX6hI\/VzC-_TlOdQE\/AAAAAAAAF-U\/kNF9JscVcXIjeeRpMxLCdtURHWLrWFstACCoQAQ\/s160-c\/6282731474979288321\" width=\"160\" height=\"160\" \/><\/a><\/td>\n<\/tr>\n<tr>\n<td style=\"text-align: center; font-family: arial,sans-serif; font-size: 11px;\"><a style=\"color: #4d4d4d; font-weight: bold; text-decoration: none;\" href=\"https:\/\/picasaweb.google.com\/107198051835113305356\/6282731474979288321?authuser=0&amp;feat=embedwebsite\" target=\"_blank\">Castells 6e<\/a><\/td>\n<\/tr>\n<\/tbody>\n<\/table>\n<p>[alpine-phototile-for-picasa-and-google-plus src=&#8221;user_album&#8221; uid=&#8221;107198051835113305356&#8243; ualb=&#8221;6282731474979288321&#8243; imgl=&#8221;picasa&#8221; style=&#8221;rift&#8221; row=&#8221;4&#8243; size=&#8221;512&#8243; num=&#8221;30&#8243; align=&#8221;center&#8221; max=&#8221;100&#8243;]<\/p>\n","protected":false},"excerpt":{"rendered":"<p>Aquest dilluns, els alumnes de 6\u00e8 hem apr\u00e8s moltes coses al voltant del m\u00f3n dels castells.\u00a0 L\u2019Aurora ens ha explicat que aquesta tradici\u00f3 va n\u00e9ixer a Valls, quan un grup de pagesos de la zona van comen\u00e7ar a fer castells humans. Anys m\u00e9s tard, durant&hellip;  <a href=\"https:\/\/agora.xtec.cat\/escjoanardevol\/portada\/castells-a-6e\/\" title=\"Read Castells a 6\u00e8\">Llegeix m\u00e9s\u00bb<\/a><\/p>\n","protected":false},"author":1,"featured_media":3631,"comment_status":"closed","ping_status":"open","sticky":false,"template":"","format":"standard","meta":{"_bbp_topic_count":0,"_bbp_reply_count":0,"_bbp_total_topic_count":0,"_bbp_total_reply_count":0,"_bbp_voice_count":0,"_bbp_anonymous_reply_count":0,"_bbp_topic_count_hidden":0,"_bbp_reply_count_hidden":0,"_bbp_forum_subforum_count":0,"footnotes":""},"categories":[14,15,4],"tags":[59,77,94],"class_list":["post-3629","post","type-post","status-publish","format-standard","has-post-thumbnail","hentry","category-5e","category-6e","category-portada","tag-activitats","tag-cicle-superior-2","tag-cooperacio"],"post_mailing_queue_ids":[],"_links":{"self":[{"href":"https:\/\/agora.xtec.cat\/escjoanardevol\/wp-json\/wp\/v2\/posts\/3629","targetHints":{"allow":["GET"]}}],"collection":[{"href":"https:\/\/agora.xtec.cat\/escjoanardevol\/wp-json\/wp\/v2\/posts"}],"about":[{"href":"https:\/\/agora.xtec.cat\/escjoanardevol\/wp-json\/wp\/v2\/types\/post"}],"author":[{"embeddable":true,"href":"https:\/\/agora.xtec.cat\/escjoanardevol\/wp-json\/wp\/v2\/users\/1"}],"replies":[{"embeddable":true,"href":"https:\/\/agora.xtec.cat\/escjoanardevol\/wp-json\/wp\/v2\/comments?post=3629"}],"version-history":[{"count":0,"href":"https:\/\/agora.xtec.cat\/escjoanardevol\/wp-json\/wp\/v2\/posts\/3629\/revisions"}],"wp:featuredmedia":[{"embeddable":true,"href":"https:\/\/agora.xtec.cat\/escjoanardevol\/wp-json\/wp\/v2\/media\/3631"}],"wp:attachment":[{"href":"https:\/\/agora.xtec.cat\/escjoanardevol\/wp-json\/wp\/v2\/media?parent=3629"}],"wp:term":[{"taxonomy":"category","embeddable":true,"href":"https:\/\/agora.xtec.cat\/escjoanardevol\/wp-json\/wp\/v2\/categories?post=3629"},{"taxonomy":"post_tag","embeddable":true,"href":"https:\/\/agora.xtec.cat\/escjoanardevol\/wp-json\/wp\/v2\/tags?post=3629"}],"curies":[{"name":"wp","href":"https:\/\/api.w.org\/{rel}","templated":true}]}}