{"id":3619,"date":"2016-05-09T12:17:48","date_gmt":"2016-05-09T11:17:48","guid":{"rendered":"http:\/\/joanardevol.org\/info\/?p=3619"},"modified":"2016-05-09T12:17:48","modified_gmt":"2016-05-09T11:17:48","slug":"trobada-de-corals-a-tarragona","status":"publish","type":"post","link":"https:\/\/agora.xtec.cat\/escjoanardevol\/general\/trobada-de-corals-a-tarragona\/","title":{"rendered":"Trobada de corals a Tarragona"},"content":{"rendered":"<p>El passat dissabte hi va haver la XIV trobada de corals a Tarragona. Va ser una jornada espl\u00e8ndida en qu\u00e8 la nostra coral s&#8217;hi va estrenar amb molt d&#8217;\u00e8xit. Van actuar-hi corals de tretze escoles. Un 10 per als nostres alumnes i per a les fam\u00edlies que van acompanyar-los!! Podeu consultar el programa de la jornada <a href=\"https:\/\/drive.google.com\/file\/d\/0BzmsIpe0vbPpaXhUdk1NQmppcVE\/view?usp=sharing\" target=\"_blank\">aqu\u00ed<\/a>.<\/p>\n<p>Podeu veure totes les fotos a:<\/p>\n<table style=\"width: 194px;\">\n<tbody>\n<tr>\n<td style=\"height: 194px; background: url('https:\/\/www.gstatic.com\/pwa\/s\/v\/lighthousefe_20160427.00_p0\/transparent_album_background.gif') no-repeat left;\" align=\"center\"><a href=\"https:\/\/picasaweb.google.com\/107198051835113305356\/6282611322303708065?authuser=0&amp;feat=embedwebsite\" target=\"_blank\"><img loading=\"lazy\" decoding=\"async\" class=\"alignnone\" style=\"margin: 1px 0 0 4px;\" src=\"https:\/\/lh3.googleusercontent.com\/-qwg_mes-3DI\/VzBRtf_Ce6E\/AAAAAAAAF5E\/aZUqOn2ZgBg8T9-KEXvmvoagzXnN8YhhgCCoQAQ\/s160-c\/6282611322303708065\" width=\"160\" height=\"160\" \/><\/a><\/td>\n<\/tr>\n<tr>\n<td style=\"text-align: center; font-family: arial,sans-serif; font-size: 11px;\"><a style=\"color: #4d4d4d; font-weight: bold; text-decoration: none;\" href=\"https:\/\/picasaweb.google.com\/107198051835113305356\/6282611322303708065?authuser=0&amp;feat=embedwebsite\" target=\"_blank\">Trobada Corals Tarragona<\/a><\/td>\n<\/tr>\n<\/tbody>\n<\/table>\n<p>[alpine-phototile-for-picasa-and-google-plus src=&#8221;user_album&#8221; uid=&#8221;107198051835113305356&#8243; ualb=&#8221;6282611322303708065&#8243; imgl=&#8221;picasa&#8221; style=&#8221;rift&#8221; row=&#8221;4&#8243; size=&#8221;512&#8243; num=&#8221;30&#8243; align=&#8221;center&#8221; max=&#8221;100&#8243;]<\/p>\n","protected":false},"excerpt":{"rendered":"<p>El passat dissabte hi va haver la XIV trobada de corals a Tarragona. Va ser una jornada espl\u00e8ndida en qu\u00e8 la nostra coral s&#8217;hi va estrenar amb molt d&#8217;\u00e8xit. Van actuar-hi corals de tretze escoles. Un 10 per als nostres alumnes i per a les&hellip;  <a href=\"https:\/\/agora.xtec.cat\/escjoanardevol\/general\/trobada-de-corals-a-tarragona\/\" title=\"Read Trobada de corals a Tarragona\">Llegeix m\u00e9s\u00bb<\/a><\/p>\n","protected":false},"author":1,"featured_media":3620,"comment_status":"closed","ping_status":"open","sticky":false,"template":"","format":"standard","meta":{"_bbp_topic_count":0,"_bbp_reply_count":0,"_bbp_total_topic_count":0,"_bbp_total_reply_count":0,"_bbp_voice_count":0,"_bbp_anonymous_reply_count":0,"_bbp_topic_count_hidden":0,"_bbp_reply_count_hidden":0,"_bbp_forum_subforum_count":0,"footnotes":""},"categories":[12,13,14,15,1,4],"tags":[59,76,77,97,128,145,16],"class_list":["post-3619","post","type-post","status-publish","format-standard","has-post-thumbnail","hentry","category-3r","category-4t","category-5e","category-6e","category-general","category-portada","tag-activitats","tag-cicle-mitja","tag-cicle-superior-2","tag-coral","tag-jornades","tag-musica","tag-sortides"],"post_mailing_queue_ids":[],"_links":{"self":[{"href":"https:\/\/agora.xtec.cat\/escjoanardevol\/wp-json\/wp\/v2\/posts\/3619","targetHints":{"allow":["GET"]}}],"collection":[{"href":"https:\/\/agora.xtec.cat\/escjoanardevol\/wp-json\/wp\/v2\/posts"}],"about":[{"href":"https:\/\/agora.xtec.cat\/escjoanardevol\/wp-json\/wp\/v2\/types\/post"}],"author":[{"embeddable":true,"href":"https:\/\/agora.xtec.cat\/escjoanardevol\/wp-json\/wp\/v2\/users\/1"}],"replies":[{"embeddable":true,"href":"https:\/\/agora.xtec.cat\/escjoanardevol\/wp-json\/wp\/v2\/comments?post=3619"}],"version-history":[{"count":0,"href":"https:\/\/agora.xtec.cat\/escjoanardevol\/wp-json\/wp\/v2\/posts\/3619\/revisions"}],"wp:featuredmedia":[{"embeddable":true,"href":"https:\/\/agora.xtec.cat\/escjoanardevol\/wp-json\/wp\/v2\/media\/3620"}],"wp:attachment":[{"href":"https:\/\/agora.xtec.cat\/escjoanardevol\/wp-json\/wp\/v2\/media?parent=3619"}],"wp:term":[{"taxonomy":"category","embeddable":true,"href":"https:\/\/agora.xtec.cat\/escjoanardevol\/wp-json\/wp\/v2\/categories?post=3619"},{"taxonomy":"post_tag","embeddable":true,"href":"https:\/\/agora.xtec.cat\/escjoanardevol\/wp-json\/wp\/v2\/tags?post=3619"}],"curies":[{"name":"wp","href":"https:\/\/api.w.org\/{rel}","templated":true}]}}