{"id":3616,"date":"2016-05-06T07:51:38","date_gmt":"2016-05-06T06:51:38","guid":{"rendered":"http:\/\/joanardevol.org\/info\/?p=3616"},"modified":"2016-05-06T07:51:38","modified_gmt":"2016-05-06T06:51:38","slug":"a-p5-aprenem-els-oficis","status":"publish","type":"post","link":"https:\/\/agora.xtec.cat\/escjoanardevol\/infantil\/a-p5-aprenem-els-oficis\/","title":{"rendered":"A P5 aprenem els oficis"},"content":{"rendered":"<div>\n<div>\n<div>\n<div>\n<div>A P5 estem treballant els oficis i tres pares han vingut a la classe per explicar-nos el seu.<\/div>\n<p>El pare de l&#8217;Ainhoa, que \u00e9s metge, ens va portar un fonendoscopi i amb ell ens vam auscultar els batecs del cor. Tamb\u00e9 amb un martell va picar el genoll de la Sofia per a provocar reflexos tendinosos i la seva cama es va aixecar de cop.<\/p>\n<\/div>\n<p>Un altre dia, el pare de la Vega va venir a parlar-nos de l&#8217;ofici de joier. Va portar les seves eines, metalls (coure, plata i or) i un diamant enorme, per\u00f2 que no era de veritat.<\/p>\n<\/div>\n<p>Va ser interessant perqu\u00e8 va convertir la classe en el taller d&#8217;un joier i va fer un anell de plata mostrant-nos i explicant-nos cada pas a seguir.<\/p>\n<\/div>\n<p>Finalment, la mare del David, que \u00e9s dependenta d&#8217;un supermercat, ens va explicar moltes coses sobre la seva feina i li vam fer moltes preguntes que pr\u00e8viament ens hav\u00edem preparat. Tamb\u00e9 vam jugar a ser clients i dependents.<\/p>\n<\/div>\n<p>Ens ho vam passar molt b\u00e9!<\/p>\n<p>Podeu veure totes les fotografies a l&#8217;\u00e0lbum:<\/p>\n<table style=\"width: 194px;\">\n<tbody>\n<tr>\n<td style=\"height: 194px; background: url('https:\/\/www.gstatic.com\/pwa\/s\/v\/lighthousefe_20160427.00_p0\/transparent_album_background.gif') no-repeat left;\" align=\"center\"><a href=\"https:\/\/picasaweb.google.com\/107198051835113305356\/6281463598942102129?authuser=0&amp;feat=embedwebsite\"><img loading=\"lazy\" decoding=\"async\" style=\"margin: 1px 0 0 4px;\" src=\"https:\/\/lh3.googleusercontent.com\/-wrArXYqDiuw\/Vyw93NR9onE\/AAAAAAAAFxc\/VyM8YLCYi5k-ud6pCyRLqcekWlIKE6flwCCoQAQ\/s160-c\/6281463598942102129\" width=\"160\" height=\"160\" \/><\/a><\/td>\n<\/tr>\n<tr>\n<td style=\"text-align: center; font-family: arial,sans-serif; font-size: 11px;\"><a style=\"color: #4d4d4d; font-weight: bold; text-decoration: none;\" href=\"https:\/\/picasaweb.google.com\/107198051835113305356\/6281463598942102129?authuser=0&amp;feat=embedwebsite\">P5 els oficis<\/a><\/td>\n<\/tr>\n<\/tbody>\n<\/table>\n<p>[alpine-phototile-for-picasa-and-google-plus src=&#8221;user_album&#8221; uid=&#8221;107198051835113305356&#8243; ualb=&#8221;6281463598942102129&#8243; imgl=&#8221;picasa&#8221; style=&#8221;rift&#8221; row=&#8221;4&#8243; size=&#8221;512&#8243; num=&#8221;30&#8243; align=&#8221;center&#8221; max=&#8221;100&#8243;]<\/p>\n","protected":false},"excerpt":{"rendered":"<p>A P5 estem treballant els oficis i tres pares han vingut a la classe per explicar-nos el seu.<br \/>\nEl pare de l&#8217;Ainhoa, que \u00e9s metge, ens va portar un fonendoscopi i amb ell ens vam auscultar els batecs del cor. Tamb\u00e9 amb un martell va picar&hellip;  <a href=\"https:\/\/agora.xtec.cat\/escjoanardevol\/infantil\/a-p5-aprenem-els-oficis\/\" title=\"Read A P5 aprenem els oficis\">Llegeix m\u00e9s\u00bb<\/a><\/p>\n","protected":false},"author":1,"featured_media":3617,"comment_status":"closed","ping_status":"open","sticky":false,"template":"","format":"standard","meta":{"_bbp_topic_count":0,"_bbp_reply_count":0,"_bbp_total_topic_count":0,"_bbp_total_reply_count":0,"_bbp_voice_count":0,"_bbp_anonymous_reply_count":0,"_bbp_topic_count_hidden":0,"_bbp_reply_count_hidden":0,"_bbp_forum_subforum_count":0,"footnotes":""},"categories":[2,3,8,9],"tags":[59,69,103,182],"class_list":["post-3616","post","type-post","status-publish","format-standard","has-post-thumbnail","hentry","category-infantil","category-p3","category-p4","category-p5","tag-activitats","tag-cambrils","tag-educacio-infantil","tag-treball"],"post_mailing_queue_ids":[],"_links":{"self":[{"href":"https:\/\/agora.xtec.cat\/escjoanardevol\/wp-json\/wp\/v2\/posts\/3616","targetHints":{"allow":["GET"]}}],"collection":[{"href":"https:\/\/agora.xtec.cat\/escjoanardevol\/wp-json\/wp\/v2\/posts"}],"about":[{"href":"https:\/\/agora.xtec.cat\/escjoanardevol\/wp-json\/wp\/v2\/types\/post"}],"author":[{"embeddable":true,"href":"https:\/\/agora.xtec.cat\/escjoanardevol\/wp-json\/wp\/v2\/users\/1"}],"replies":[{"embeddable":true,"href":"https:\/\/agora.xtec.cat\/escjoanardevol\/wp-json\/wp\/v2\/comments?post=3616"}],"version-history":[{"count":0,"href":"https:\/\/agora.xtec.cat\/escjoanardevol\/wp-json\/wp\/v2\/posts\/3616\/revisions"}],"wp:featuredmedia":[{"embeddable":true,"href":"https:\/\/agora.xtec.cat\/escjoanardevol\/wp-json\/wp\/v2\/media\/3617"}],"wp:attachment":[{"href":"https:\/\/agora.xtec.cat\/escjoanardevol\/wp-json\/wp\/v2\/media?parent=3616"}],"wp:term":[{"taxonomy":"category","embeddable":true,"href":"https:\/\/agora.xtec.cat\/escjoanardevol\/wp-json\/wp\/v2\/categories?post=3616"},{"taxonomy":"post_tag","embeddable":true,"href":"https:\/\/agora.xtec.cat\/escjoanardevol\/wp-json\/wp\/v2\/tags?post=3616"}],"curies":[{"name":"wp","href":"https:\/\/api.w.org\/{rel}","templated":true}]}}