{"id":3609,"date":"2016-04-28T11:07:20","date_gmt":"2016-04-28T10:07:20","guid":{"rendered":"http:\/\/joanardevol.org\/info\/?p=3609"},"modified":"2016-04-28T11:07:20","modified_gmt":"2016-04-28T10:07:20","slug":"el-gust-per-la-lectura","status":"publish","type":"post","link":"https:\/\/agora.xtec.cat\/escjoanardevol\/primaria\/3r\/el-gust-per-la-lectura\/","title":{"rendered":"El gust per la lectura"},"content":{"rendered":"<div><span style=\"font-size: large;\">Dijous 28 d&#8217;abril els nens i nenes de tercer i quart de prim\u00e0ria hem assistit a la representaci\u00f3 de la rondalla &#8220;EL PADR\u00cd JUST&#8221; de Joan Amades, rondalla que parla de la mort i de la just\u00edcia.<\/span><\/div>\n<div><span style=\"font-size: large;\">Com sempre, la S\u00edlvia, l&#8217;animadora, ens ha captivat i ens ha transportat aquesta vegada , a un m\u00f3n poc conegut d&#8217;ombres i misteris.<\/span><\/div>\n<div><span style=\"font-size: large;\">Hem gaudit d&#8217;una bona estona d&#8217;animaci\u00f3 lectora , gr\u00e0cies S\u00edlvia!<\/span><\/div>\n<div>[alpine-phototile-for-picasa-and-google-plus src=&#8221;user_album&#8221; uid=&#8221;107198051835113305356&#8243; ualb=&#8221;6278545491490068785&#8243; imgl=&#8221;picasa&#8221; style=&#8221;rift&#8221; row=&#8221;4&#8243; size=&#8221;512&#8243; num=&#8221;30&#8243; align=&#8221;center&#8221; max=&#8221;100&#8243;]<\/div>\n","protected":false},"excerpt":{"rendered":"<p>Dijous 28 d&#8217;abril els nens i nenes de tercer i quart de prim\u00e0ria hem assistit a la representaci\u00f3 de la rondalla &#8220;EL PADR\u00cd JUST&#8221; de Joan Amades, rondalla que parla de la mort i de la just\u00edcia.<br \/>\nCom sempre, la S\u00edlvia, l&#8217;animadora, ens ha captivat i&hellip;  <a href=\"https:\/\/agora.xtec.cat\/escjoanardevol\/primaria\/3r\/el-gust-per-la-lectura\/\" title=\"Read El gust per la lectura\">Llegeix m\u00e9s\u00bb<\/a><\/p>\n","protected":false},"author":1,"featured_media":3610,"comment_status":"closed","ping_status":"open","sticky":false,"template":"","format":"standard","meta":{"_bbp_topic_count":0,"_bbp_reply_count":0,"_bbp_total_topic_count":0,"_bbp_total_reply_count":0,"_bbp_voice_count":0,"_bbp_anonymous_reply_count":0,"_bbp_topic_count_hidden":0,"_bbp_reply_count_hidden":0,"_bbp_forum_subforum_count":0,"footnotes":""},"categories":[12,13],"tags":[59,67,76,92,130],"class_list":["post-3609","post","type-post","status-publish","format-standard","has-post-thumbnail","hentry","category-3r","category-4t","tag-activitats","tag-biblioteca","tag-cicle-mitja","tag-contes","tag-lectura"],"post_mailing_queue_ids":[],"_links":{"self":[{"href":"https:\/\/agora.xtec.cat\/escjoanardevol\/wp-json\/wp\/v2\/posts\/3609","targetHints":{"allow":["GET"]}}],"collection":[{"href":"https:\/\/agora.xtec.cat\/escjoanardevol\/wp-json\/wp\/v2\/posts"}],"about":[{"href":"https:\/\/agora.xtec.cat\/escjoanardevol\/wp-json\/wp\/v2\/types\/post"}],"author":[{"embeddable":true,"href":"https:\/\/agora.xtec.cat\/escjoanardevol\/wp-json\/wp\/v2\/users\/1"}],"replies":[{"embeddable":true,"href":"https:\/\/agora.xtec.cat\/escjoanardevol\/wp-json\/wp\/v2\/comments?post=3609"}],"version-history":[{"count":0,"href":"https:\/\/agora.xtec.cat\/escjoanardevol\/wp-json\/wp\/v2\/posts\/3609\/revisions"}],"wp:featuredmedia":[{"embeddable":true,"href":"https:\/\/agora.xtec.cat\/escjoanardevol\/wp-json\/wp\/v2\/media\/3610"}],"wp:attachment":[{"href":"https:\/\/agora.xtec.cat\/escjoanardevol\/wp-json\/wp\/v2\/media?parent=3609"}],"wp:term":[{"taxonomy":"category","embeddable":true,"href":"https:\/\/agora.xtec.cat\/escjoanardevol\/wp-json\/wp\/v2\/categories?post=3609"},{"taxonomy":"post_tag","embeddable":true,"href":"https:\/\/agora.xtec.cat\/escjoanardevol\/wp-json\/wp\/v2\/tags?post=3609"}],"curies":[{"name":"wp","href":"https:\/\/api.w.org\/{rel}","templated":true}]}}