{"id":3605,"date":"2016-04-27T12:44:54","date_gmt":"2016-04-27T11:44:54","guid":{"rendered":"http:\/\/joanardevol.org\/info\/?p=3605"},"modified":"2016-04-27T12:44:54","modified_gmt":"2016-04-27T11:44:54","slug":"ala-vora-de-la-mar-i-projecte-apadrina","status":"publish","type":"post","link":"https:\/\/agora.xtec.cat\/escjoanardevol\/primaria\/1r\/ala-vora-de-la-mar-i-projecte-apadrina\/","title":{"rendered":"A la vora de la mar i projecte apadrina"},"content":{"rendered":"<p>Aquest dimecres els alumnes de 2nB van participar a l&#8217;activitat a la vora de la mar organitzada per l&#8217;ajuntament de Cambrils. La M\u00f2nica ens va fer endinsar en el vocabulari de la mar i ens va fer entendre l&#8217;evoluci\u00f3 del port de Cambrils a partir de fotografies antigues.<br \/>\nA la tarda, gr\u00e0cies a la col\u00b7laboraci\u00f3 de l&#8217;Anna, vam realitzar un seguit d&#8217;activitats amb les tauletes que el Centre de Recursos (CRP) de Reus ens ha deixat en pr\u00e9stec, ja que participem al projecte APADRINA que fomenta l&#8217;\u00fas dels dispositius m\u00f2bils a l&#8217;aula.<br \/>\nVam passar un dia genial!<\/p>\n<p>[alpine-phototile-for-picasa-and-google-plus src=&#8221;user_album&#8221; uid=&#8221;107198051835113305356&#8243; ualb=&#8221;6278195462193789617&#8243; imgl=&#8221;picasa&#8221; style=&#8221;rift&#8221; row=&#8221;4&#8243; size=&#8221;512&#8243; num=&#8221;30&#8243; align=&#8221;center&#8221; max=&#8221;100&#8243;]<\/p>\n","protected":false},"excerpt":{"rendered":"<p>Aquest dimecres els alumnes de 2nB van participar a l&#8217;activitat a la vora de la mar organitzada per l&#8217;ajuntament de Cambrils. La M\u00f2nica ens va fer endinsar en el vocabulari de la mar i ens va fer entendre l&#8217;evoluci\u00f3 del port de Cambrils a partir&hellip;  <a href=\"https:\/\/agora.xtec.cat\/escjoanardevol\/primaria\/1r\/ala-vora-de-la-mar-i-projecte-apadrina\/\" title=\"Read A la vora de la mar i projecte apadrina\">Llegeix m\u00e9s\u00bb<\/a><\/p>\n","protected":false},"author":1,"featured_media":3606,"comment_status":"closed","ping_status":"open","sticky":false,"template":"","format":"standard","meta":{"_bbp_topic_count":0,"_bbp_reply_count":0,"_bbp_total_topic_count":0,"_bbp_total_reply_count":0,"_bbp_voice_count":0,"_bbp_anonymous_reply_count":0,"_bbp_topic_count_hidden":0,"_bbp_reply_count_hidden":0,"_bbp_forum_subforum_count":0,"footnotes":""},"categories":[10,11],"tags":[69,75,140,16],"class_list":["post-3605","post","type-post","status-publish","format-standard","has-post-thumbnail","hentry","category-1r","category-2n","tag-cambrils","tag-cicle-inicial","tag-medi","tag-sortides"],"post_mailing_queue_ids":[],"_links":{"self":[{"href":"https:\/\/agora.xtec.cat\/escjoanardevol\/wp-json\/wp\/v2\/posts\/3605","targetHints":{"allow":["GET"]}}],"collection":[{"href":"https:\/\/agora.xtec.cat\/escjoanardevol\/wp-json\/wp\/v2\/posts"}],"about":[{"href":"https:\/\/agora.xtec.cat\/escjoanardevol\/wp-json\/wp\/v2\/types\/post"}],"author":[{"embeddable":true,"href":"https:\/\/agora.xtec.cat\/escjoanardevol\/wp-json\/wp\/v2\/users\/1"}],"replies":[{"embeddable":true,"href":"https:\/\/agora.xtec.cat\/escjoanardevol\/wp-json\/wp\/v2\/comments?post=3605"}],"version-history":[{"count":0,"href":"https:\/\/agora.xtec.cat\/escjoanardevol\/wp-json\/wp\/v2\/posts\/3605\/revisions"}],"wp:featuredmedia":[{"embeddable":true,"href":"https:\/\/agora.xtec.cat\/escjoanardevol\/wp-json\/wp\/v2\/media\/3606"}],"wp:attachment":[{"href":"https:\/\/agora.xtec.cat\/escjoanardevol\/wp-json\/wp\/v2\/media?parent=3605"}],"wp:term":[{"taxonomy":"category","embeddable":true,"href":"https:\/\/agora.xtec.cat\/escjoanardevol\/wp-json\/wp\/v2\/categories?post=3605"},{"taxonomy":"post_tag","embeddable":true,"href":"https:\/\/agora.xtec.cat\/escjoanardevol\/wp-json\/wp\/v2\/tags?post=3605"}],"curies":[{"name":"wp","href":"https:\/\/api.w.org\/{rel}","templated":true}]}}