{"id":3582,"date":"2016-04-20T16:55:48","date_gmt":"2016-04-20T15:55:48","guid":{"rendered":"http:\/\/joanardevol.org\/info\/?p=3582"},"modified":"2016-04-20T16:55:48","modified_gmt":"2016-04-20T15:55:48","slug":"taller-de-poesia-a-cicle-superior","status":"publish","type":"post","link":"https:\/\/agora.xtec.cat\/escjoanardevol\/primaria\/5e\/taller-de-poesia-a-cicle-superior\/","title":{"rendered":"Taller de poesia a Cicle Superior"},"content":{"rendered":"<div>Els alumnes de Cicle Superior hem participat en un taller de poesia organitzat per la Neus Bosquet. La Neus ens ha ensenyat que la poesia va m\u00e9s enll\u00e0 de rimes, versos i estrofes, que la poesia neix dels sentiments de cadasc\u00fa i que ens ajuda a entendre el m\u00f3n d&#8217;una altra manera.<\/div>\n<div>Han estat unes sessions molt interessants, amb les que hem apr\u00e8s a estimar i interessar-nos per la poesia.<\/div>\n<div>[alpine-phototile-for-picasa-and-google-plus src=&#8221;user_album&#8221; uid=&#8221;107198051835113305356&#8243; ualb=&#8221;6275666823111522113&#8243; imgl=&#8221;picasa&#8221; style=&#8221;rift&#8221; row=&#8221;4&#8243; size=&#8221;512&#8243; num=&#8221;19&#8243; align=&#8221;center&#8221; max=&#8221;100&#8243;]<\/div>\n","protected":false},"excerpt":{"rendered":"<p>Els alumnes de Cicle Superior hem participat en un taller de poesia organitzat per la Neus Bosquet. La Neus ens ha ensenyat que la poesia va m\u00e9s enll\u00e0 de rimes, versos i estrofes, que la poesia neix dels sentiments de cadasc\u00fa i que ens ajuda&hellip;  <a href=\"https:\/\/agora.xtec.cat\/escjoanardevol\/primaria\/5e\/taller-de-poesia-a-cicle-superior\/\" title=\"Read Taller de poesia a Cicle Superior\">Llegeix m\u00e9s\u00bb<\/a><\/p>\n","protected":false},"author":1,"featured_media":3584,"comment_status":"closed","ping_status":"open","sticky":false,"template":"","format":"standard","meta":{"_bbp_topic_count":0,"_bbp_reply_count":0,"_bbp_total_topic_count":0,"_bbp_total_reply_count":0,"_bbp_voice_count":0,"_bbp_anonymous_reply_count":0,"_bbp_topic_count_hidden":0,"_bbp_reply_count_hidden":0,"_bbp_forum_subforum_count":0,"footnotes":""},"categories":[14,15],"tags":[59,77,130,133,177,187],"class_list":["post-3582","post","type-post","status-publish","format-standard","has-post-thumbnail","hentry","category-5e","category-6e","tag-activitats","tag-cicle-superior-2","tag-lectura","tag-llibres","tag-tallers","tag-valors"],"post_mailing_queue_ids":[],"_links":{"self":[{"href":"https:\/\/agora.xtec.cat\/escjoanardevol\/wp-json\/wp\/v2\/posts\/3582","targetHints":{"allow":["GET"]}}],"collection":[{"href":"https:\/\/agora.xtec.cat\/escjoanardevol\/wp-json\/wp\/v2\/posts"}],"about":[{"href":"https:\/\/agora.xtec.cat\/escjoanardevol\/wp-json\/wp\/v2\/types\/post"}],"author":[{"embeddable":true,"href":"https:\/\/agora.xtec.cat\/escjoanardevol\/wp-json\/wp\/v2\/users\/1"}],"replies":[{"embeddable":true,"href":"https:\/\/agora.xtec.cat\/escjoanardevol\/wp-json\/wp\/v2\/comments?post=3582"}],"version-history":[{"count":0,"href":"https:\/\/agora.xtec.cat\/escjoanardevol\/wp-json\/wp\/v2\/posts\/3582\/revisions"}],"wp:featuredmedia":[{"embeddable":true,"href":"https:\/\/agora.xtec.cat\/escjoanardevol\/wp-json\/wp\/v2\/media\/3584"}],"wp:attachment":[{"href":"https:\/\/agora.xtec.cat\/escjoanardevol\/wp-json\/wp\/v2\/media?parent=3582"}],"wp:term":[{"taxonomy":"category","embeddable":true,"href":"https:\/\/agora.xtec.cat\/escjoanardevol\/wp-json\/wp\/v2\/categories?post=3582"},{"taxonomy":"post_tag","embeddable":true,"href":"https:\/\/agora.xtec.cat\/escjoanardevol\/wp-json\/wp\/v2\/tags?post=3582"}],"curies":[{"name":"wp","href":"https:\/\/api.w.org\/{rel}","templated":true}]}}