{"id":3572,"date":"2016-04-14T07:48:51","date_gmt":"2016-04-14T06:48:51","guid":{"rendered":"http:\/\/joanardevol.org\/info\/?p=3572"},"modified":"2016-04-14T07:48:51","modified_gmt":"2016-04-14T06:48:51","slug":"exposicio-collage","status":"publish","type":"post","link":"https:\/\/agora.xtec.cat\/escjoanardevol\/primaria\/1r\/exposicio-collage\/","title":{"rendered":"Exposici\u00f3 collage"},"content":{"rendered":"<p>Dijous 7 d\u2019abril vam fer la classe de pl\u00e0stica al Centre Cultural. Vam veure una exposici\u00f3 de quadres fets amb la t\u00e8cnica del \u201ccollage\u201d. Els artistes ens estaven esperant i ens van explicar com retallaven i enganxaven imatges imaginant coses. Ens van ensenyar llibres i van estar molt contents que an\u00e9ssim a veure els seus quadres. Ens va agradar molt totes les composicions que vam veure.<\/p>\n<p>[alpine-phototile-for-picasa-and-google-plus src=&#8221;user_album&#8221; uid=&#8221;107198051835113305356&#8243; ualb=&#8221;6272988428010847953&#8243; imgl=&#8221;picasa&#8221; style=&#8221;rift&#8221; row=&#8221;4&#8243; size=&#8221;512&#8243; num=&#8221;19&#8243; align=&#8221;center&#8221; max=&#8221;100&#8243;]<\/p>\n","protected":false},"excerpt":{"rendered":"<p>Dijous 7 d\u2019abril vam fer la classe de pl\u00e0stica al Centre Cultural. Vam veure una exposici\u00f3 de quadres fets amb la t\u00e8cnica del \u201ccollage\u201d. Els artistes ens estaven esperant i ens van explicar com retallaven i enganxaven imatges imaginant coses. Ens van ensenyar llibres i&hellip;  <a href=\"https:\/\/agora.xtec.cat\/escjoanardevol\/primaria\/1r\/exposicio-collage\/\" title=\"Read Exposici\u00f3 collage\">Llegeix m\u00e9s\u00bb<\/a><\/p>\n","protected":false},"author":1,"featured_media":3573,"comment_status":"closed","ping_status":"open","sticky":false,"template":"","format":"standard","meta":{"_bbp_topic_count":0,"_bbp_reply_count":0,"_bbp_total_topic_count":0,"_bbp_total_reply_count":0,"_bbp_voice_count":0,"_bbp_anonymous_reply_count":0,"_bbp_topic_count_hidden":0,"_bbp_reply_count_hidden":0,"_bbp_forum_subforum_count":0,"footnotes":""},"categories":[10,11],"tags":[69,75,16],"class_list":["post-3572","post","type-post","status-publish","format-standard","has-post-thumbnail","hentry","category-1r","category-2n","tag-cambrils","tag-cicle-inicial","tag-sortides"],"post_mailing_queue_ids":[],"_links":{"self":[{"href":"https:\/\/agora.xtec.cat\/escjoanardevol\/wp-json\/wp\/v2\/posts\/3572","targetHints":{"allow":["GET"]}}],"collection":[{"href":"https:\/\/agora.xtec.cat\/escjoanardevol\/wp-json\/wp\/v2\/posts"}],"about":[{"href":"https:\/\/agora.xtec.cat\/escjoanardevol\/wp-json\/wp\/v2\/types\/post"}],"author":[{"embeddable":true,"href":"https:\/\/agora.xtec.cat\/escjoanardevol\/wp-json\/wp\/v2\/users\/1"}],"replies":[{"embeddable":true,"href":"https:\/\/agora.xtec.cat\/escjoanardevol\/wp-json\/wp\/v2\/comments?post=3572"}],"version-history":[{"count":0,"href":"https:\/\/agora.xtec.cat\/escjoanardevol\/wp-json\/wp\/v2\/posts\/3572\/revisions"}],"wp:featuredmedia":[{"embeddable":true,"href":"https:\/\/agora.xtec.cat\/escjoanardevol\/wp-json\/wp\/v2\/media\/3573"}],"wp:attachment":[{"href":"https:\/\/agora.xtec.cat\/escjoanardevol\/wp-json\/wp\/v2\/media?parent=3572"}],"wp:term":[{"taxonomy":"category","embeddable":true,"href":"https:\/\/agora.xtec.cat\/escjoanardevol\/wp-json\/wp\/v2\/categories?post=3572"},{"taxonomy":"post_tag","embeddable":true,"href":"https:\/\/agora.xtec.cat\/escjoanardevol\/wp-json\/wp\/v2\/tags?post=3572"}],"curies":[{"name":"wp","href":"https:\/\/api.w.org\/{rel}","templated":true}]}}