{"id":3569,"date":"2016-04-13T08:21:05","date_gmt":"2016-04-13T07:21:05","guid":{"rendered":"http:\/\/joanardevol.org\/info\/?p=3569"},"modified":"2016-04-13T08:21:05","modified_gmt":"2016-04-13T07:21:05","slug":"animacio-a-la-lectura-3","status":"publish","type":"post","link":"https:\/\/agora.xtec.cat\/escjoanardevol\/infantil\/animacio-a-la-lectura-3\/","title":{"rendered":"Animaci\u00f3 a la lectura"},"content":{"rendered":"<p dir=\"ltr\">El dimecres pel mat\u00ed els nens i nenes d&#8217;educaci\u00f3 infantil vam assistir a la representaci\u00f3 d&#8217;un conte dins de l&#8217;activitat Animaci\u00f3 a la lectura. Una princesa ens va explicar el conte &#8220;el pr\u00edncep granota&#8221; on la bruixa dolenta va encantar a un pr\u00edncep molt presumit que nom\u00e9s s&#8217;estimava a ell mateix, i el va convertir en granota&#8230; I ens va ensenyar que la paraula reial ha de ser mantinguda i no \u00e9s poden trencar les promeses!!<\/p>\n<div class=\"gmail_quote\">\u00a0[alpine-phototile-for-picasa-and-google-plus src=&#8221;user_album&#8221; uid=&#8221;107198051835113305356&#8243; ualb=&#8221;6272928660572614273&#8243; imgl=&#8221;picasa&#8221; style=&#8221;rift&#8221; row=&#8221;4&#8243; size=&#8221;512&#8243; num=&#8221;19&#8243; align=&#8221;center&#8221; max=&#8221;100&#8243;]<\/div>\n","protected":false},"excerpt":{"rendered":"<p>El dimecres pel mat\u00ed els nens i nenes d&#8217;educaci\u00f3 infantil vam assistir a la representaci\u00f3 d&#8217;un conte dins de l&#8217;activitat Animaci\u00f3 a la lectura. Una princesa ens va explicar el conte &#8220;el pr\u00edncep granota&#8221; on la bruixa dolenta va encantar a un pr\u00edncep molt presumit&hellip;  <a href=\"https:\/\/agora.xtec.cat\/escjoanardevol\/infantil\/animacio-a-la-lectura-3\/\" title=\"Read Animaci\u00f3 a la lectura\">Llegeix m\u00e9s\u00bb<\/a><\/p>\n","protected":false},"author":1,"featured_media":3570,"comment_status":"closed","ping_status":"open","sticky":false,"template":"","format":"standard","meta":{"_bbp_topic_count":0,"_bbp_reply_count":0,"_bbp_total_topic_count":0,"_bbp_total_reply_count":0,"_bbp_voice_count":0,"_bbp_anonymous_reply_count":0,"_bbp_topic_count_hidden":0,"_bbp_reply_count_hidden":0,"_bbp_forum_subforum_count":0,"footnotes":""},"categories":[2,3,8,9],"tags":[59,92,103,130],"class_list":["post-3569","post","type-post","status-publish","format-standard","has-post-thumbnail","hentry","category-infantil","category-p3","category-p4","category-p5","tag-activitats","tag-contes","tag-educacio-infantil","tag-lectura"],"post_mailing_queue_ids":[],"_links":{"self":[{"href":"https:\/\/agora.xtec.cat\/escjoanardevol\/wp-json\/wp\/v2\/posts\/3569","targetHints":{"allow":["GET"]}}],"collection":[{"href":"https:\/\/agora.xtec.cat\/escjoanardevol\/wp-json\/wp\/v2\/posts"}],"about":[{"href":"https:\/\/agora.xtec.cat\/escjoanardevol\/wp-json\/wp\/v2\/types\/post"}],"author":[{"embeddable":true,"href":"https:\/\/agora.xtec.cat\/escjoanardevol\/wp-json\/wp\/v2\/users\/1"}],"replies":[{"embeddable":true,"href":"https:\/\/agora.xtec.cat\/escjoanardevol\/wp-json\/wp\/v2\/comments?post=3569"}],"version-history":[{"count":0,"href":"https:\/\/agora.xtec.cat\/escjoanardevol\/wp-json\/wp\/v2\/posts\/3569\/revisions"}],"wp:featuredmedia":[{"embeddable":true,"href":"https:\/\/agora.xtec.cat\/escjoanardevol\/wp-json\/wp\/v2\/media\/3570"}],"wp:attachment":[{"href":"https:\/\/agora.xtec.cat\/escjoanardevol\/wp-json\/wp\/v2\/media?parent=3569"}],"wp:term":[{"taxonomy":"category","embeddable":true,"href":"https:\/\/agora.xtec.cat\/escjoanardevol\/wp-json\/wp\/v2\/categories?post=3569"},{"taxonomy":"post_tag","embeddable":true,"href":"https:\/\/agora.xtec.cat\/escjoanardevol\/wp-json\/wp\/v2\/tags?post=3569"}],"curies":[{"name":"wp","href":"https:\/\/api.w.org\/{rel}","templated":true}]}}