{"id":3527,"date":"2016-03-21T11:11:24","date_gmt":"2016-03-21T10:11:24","guid":{"rendered":"http:\/\/joanardevol.org\/info\/?p=3527"},"modified":"2016-03-21T11:11:24","modified_gmt":"2016-03-21T10:11:24","slug":"3527","status":"publish","type":"post","link":"https:\/\/agora.xtec.cat\/escjoanardevol\/general\/3527\/","title":{"rendered":"Preinscripci\u00f3 2016-2017"},"content":{"rendered":"<p><a href=\"http:\/\/queestudiar.gencat.cat\/ca\/preinscripcio\/estudis\/ensenyaments_obligatoris\/\" target=\"_blank\"><img loading=\"lazy\" decoding=\"async\" class=\"alignnone wp-image-3528 size-full\" src=\"http:\/\/agora.xtec.cat\/escjoanardevol\/wp-content\/uploads\/usu550\/2016\/03\/preinscripcio-cat.jpg\" alt=\"preinscripcio-cat\" width=\"710\" height=\"110\" srcset=\"https:\/\/agora.xtec.cat\/escjoanardevol\/wp-content\/uploads\/usu550\/2016\/03\/preinscripcio-cat.jpg 710w, https:\/\/agora.xtec.cat\/escjoanardevol\/wp-content\/uploads\/usu550\/2016\/03\/preinscripcio-cat-300x46.jpg 300w\" sizes=\"auto, (max-width: 710px) 100vw, 710px\" \/><\/a><\/p>\n<p>Tota la informaci\u00f3 sobre la preinscripci\u00f3 la trobar\u00e0s <a href=\"http:\/\/queestudiar.gencat.cat\/ca\/preinscripcio\/estudis\/ensenyaments_obligatoris\/\" target=\"_blank\"><strong>aqu\u00ed<\/strong><\/a>.<\/p>\n","protected":false},"excerpt":{"rendered":"<p><a href=\"http:\/\/queestudiar.gencat.cat\/ca\/preinscripcio\/estudis\/ensenyaments_obligatoris\/\" target=\"_blank\"><\/a><br \/>\nTota la informaci\u00f3 sobre la preinscripci\u00f3 la trobar\u00e0s <a href=\"http:\/\/queestudiar.gencat.cat\/ca\/preinscripcio\/estudis\/ensenyaments_obligatoris\/\" target=\"_blank\">aqu\u00ed<\/a>.<\/p>\n","protected":false},"author":1,"featured_media":3534,"comment_status":"closed","ping_status":"open","sticky":false,"template":"","format":"standard","meta":{"_bbp_topic_count":0,"_bbp_reply_count":0,"_bbp_total_topic_count":0,"_bbp_total_reply_count":0,"_bbp_voice_count":0,"_bbp_anonymous_reply_count":0,"_bbp_topic_count_hidden":0,"_bbp_reply_count_hidden":0,"_bbp_forum_subforum_count":0,"footnotes":""},"categories":[1],"tags":[148,158],"class_list":["post-3527","post","type-post","status-publish","format-standard","has-post-thumbnail","hentry","category-general","tag-noticies","tag-preinscripcio"],"post_mailing_queue_ids":[],"_links":{"self":[{"href":"https:\/\/agora.xtec.cat\/escjoanardevol\/wp-json\/wp\/v2\/posts\/3527","targetHints":{"allow":["GET"]}}],"collection":[{"href":"https:\/\/agora.xtec.cat\/escjoanardevol\/wp-json\/wp\/v2\/posts"}],"about":[{"href":"https:\/\/agora.xtec.cat\/escjoanardevol\/wp-json\/wp\/v2\/types\/post"}],"author":[{"embeddable":true,"href":"https:\/\/agora.xtec.cat\/escjoanardevol\/wp-json\/wp\/v2\/users\/1"}],"replies":[{"embeddable":true,"href":"https:\/\/agora.xtec.cat\/escjoanardevol\/wp-json\/wp\/v2\/comments?post=3527"}],"version-history":[{"count":0,"href":"https:\/\/agora.xtec.cat\/escjoanardevol\/wp-json\/wp\/v2\/posts\/3527\/revisions"}],"wp:featuredmedia":[{"embeddable":true,"href":"https:\/\/agora.xtec.cat\/escjoanardevol\/wp-json\/wp\/v2\/media\/3534"}],"wp:attachment":[{"href":"https:\/\/agora.xtec.cat\/escjoanardevol\/wp-json\/wp\/v2\/media?parent=3527"}],"wp:term":[{"taxonomy":"category","embeddable":true,"href":"https:\/\/agora.xtec.cat\/escjoanardevol\/wp-json\/wp\/v2\/categories?post=3527"},{"taxonomy":"post_tag","embeddable":true,"href":"https:\/\/agora.xtec.cat\/escjoanardevol\/wp-json\/wp\/v2\/tags?post=3527"}],"curies":[{"name":"wp","href":"https:\/\/api.w.org\/{rel}","templated":true}]}}