{"id":3518,"date":"2016-03-19T11:02:42","date_gmt":"2016-03-19T10:02:42","guid":{"rendered":"http:\/\/joanardevol.org\/info\/?p=3518"},"modified":"2016-03-19T11:02:42","modified_gmt":"2016-03-19T10:02:42","slug":"barcakids","status":"publish","type":"post","link":"https:\/\/agora.xtec.cat\/escjoanardevol\/primaria\/5e\/barcakids\/","title":{"rendered":"Bar\u00e7aKids"},"content":{"rendered":"<div>Esfor\u00e7, Respecte, Treball en equip, Humilitat, Ambici\u00f3&#8230;s\u00f3n alguns dels valors que els alumnes de CS hem treballat amb &#8220;Bar\u00e7akids&#8221;, un programa educatiu de la Fundaci\u00f3 FC Barcelona pensat per a alumnes de prim\u00e0ria.<\/div>\n<p>Dilluns 14 i dimecres 16 els alumnes de 5\u00e8 i 6\u00e8 vam gaudir, al camp de tir amb arc i a la pista municipal de futbol, d&#8217;una activitat esportiva molt interessant que ens apropar al m\u00f3n del Futbol flag. Ens vam divertir molt i vam entendre la import\u00e0ncia dels valors no nom\u00e9s en la pr\u00e0ctica esportiva sin\u00f3 tamb\u00e9 a la nostra vida quotidiana.<\/p>\n<p>Podeu accedir a l&#8217;\u00e0lbum complet clicant <strong><a href=\"https:\/\/goo.gl\/photos\/C9aJ8LyoGQ7Qm31X7\" target=\"_blank\">aqu\u00ed<\/a><\/strong>.<\/p>\n<table style=\"width: 194px;\">\n<tbody>\n<tr>\n<td style=\"height: 194px; background: url('https:\/\/www.gstatic.com\/pwa\/s\/v\/lighthousefe_20160316.01_p1\/transparent_album_background.gif') no-repeat left;\" align=\"center\"><a href=\"https:\/\/picasaweb.google.com\/107198051835113305356\/BarcaKids?authuser=0&amp;feat=embedwebsite\" target=\"_blank\"><img loading=\"lazy\" decoding=\"async\" class=\"alignnone\" style=\"margin: 1px 0 0 4px;\" src=\"https:\/\/lh3.googleusercontent.com\/-IPH6ojEpm7c\/Vu0izuFIYCE\/AAAAAAAAEzA\/1d7WGHB6S4E\/s160-c-Ic42\/BarcaKids\" alt=\"\" width=\"160\" height=\"160\" \/><\/a><\/td>\n<\/tr>\n<tr>\n<td style=\"text-align: center; font-family: arial,sans-serif; font-size: 11px;\"><a style=\"color: #4d4d4d; font-weight: bold; text-decoration: none;\" href=\"https:\/\/picasaweb.google.com\/107198051835113305356\/BarcaKids?authuser=0&amp;feat=embedwebsite\" target=\"_blank\">Bar\u00e7aKids<\/a><\/td>\n<\/tr>\n<\/tbody>\n<\/table>\n","protected":false},"excerpt":{"rendered":"<p>Esfor\u00e7, Respecte, Treball en equip, Humilitat, Ambici\u00f3&#8230;s\u00f3n alguns dels valors que els alumnes de CS hem treballat amb &#8220;Bar\u00e7akids&#8221;, un programa educatiu de la Fundaci\u00f3 FC Barcelona pensat per a alumnes de prim\u00e0ria.<br \/>\nDilluns 14 i dimecres 16 els alumnes de 5\u00e8 i 6\u00e8 vam gaudir,&hellip;  <a href=\"https:\/\/agora.xtec.cat\/escjoanardevol\/primaria\/5e\/barcakids\/\" title=\"Read Bar\u00e7aKids\">Llegeix m\u00e9s\u00bb<\/a><\/p>\n","protected":false},"author":1,"featured_media":3519,"comment_status":"closed","ping_status":"open","sticky":false,"template":"","format":"standard","meta":{"_bbp_topic_count":0,"_bbp_reply_count":0,"_bbp_total_topic_count":0,"_bbp_total_reply_count":0,"_bbp_voice_count":0,"_bbp_anonymous_reply_count":0,"_bbp_topic_count_hidden":0,"_bbp_reply_count_hidden":0,"_bbp_forum_subforum_count":0,"footnotes":""},"categories":[14,15],"tags":[59,77,93,94,102,16,187],"class_list":["post-3518","post","type-post","status-publish","format-standard","has-post-thumbnail","hentry","category-5e","category-6e","tag-activitats","tag-cicle-superior-2","tag-convivencia","tag-cooperacio","tag-educacio-fisica-2","tag-sortides","tag-valors"],"post_mailing_queue_ids":[],"_links":{"self":[{"href":"https:\/\/agora.xtec.cat\/escjoanardevol\/wp-json\/wp\/v2\/posts\/3518","targetHints":{"allow":["GET"]}}],"collection":[{"href":"https:\/\/agora.xtec.cat\/escjoanardevol\/wp-json\/wp\/v2\/posts"}],"about":[{"href":"https:\/\/agora.xtec.cat\/escjoanardevol\/wp-json\/wp\/v2\/types\/post"}],"author":[{"embeddable":true,"href":"https:\/\/agora.xtec.cat\/escjoanardevol\/wp-json\/wp\/v2\/users\/1"}],"replies":[{"embeddable":true,"href":"https:\/\/agora.xtec.cat\/escjoanardevol\/wp-json\/wp\/v2\/comments?post=3518"}],"version-history":[{"count":0,"href":"https:\/\/agora.xtec.cat\/escjoanardevol\/wp-json\/wp\/v2\/posts\/3518\/revisions"}],"wp:featuredmedia":[{"embeddable":true,"href":"https:\/\/agora.xtec.cat\/escjoanardevol\/wp-json\/wp\/v2\/media\/3519"}],"wp:attachment":[{"href":"https:\/\/agora.xtec.cat\/escjoanardevol\/wp-json\/wp\/v2\/media?parent=3518"}],"wp:term":[{"taxonomy":"category","embeddable":true,"href":"https:\/\/agora.xtec.cat\/escjoanardevol\/wp-json\/wp\/v2\/categories?post=3518"},{"taxonomy":"post_tag","embeddable":true,"href":"https:\/\/agora.xtec.cat\/escjoanardevol\/wp-json\/wp\/v2\/tags?post=3518"}],"curies":[{"name":"wp","href":"https:\/\/api.w.org\/{rel}","templated":true}]}}