{"id":3515,"date":"2016-03-16T20:29:27","date_gmt":"2016-03-16T19:29:27","guid":{"rendered":"http:\/\/joanardevol.org\/info\/?p=3515"},"modified":"2016-03-16T20:29:27","modified_gmt":"2016-03-16T19:29:27","slug":"cinema-3d","status":"publish","type":"post","link":"https:\/\/agora.xtec.cat\/escjoanardevol\/primaria\/5e\/cinema-3d\/","title":{"rendered":"Cinema 3D"},"content":{"rendered":"<p>Els nens i nenes de cinqu\u00e8 vam anar al cinema de Vila-seca a veure la pel\u00b7l\u00edcula \u201cEnergia 3D\u201d. Ens ha agradat molt\u00edssim i hem pogut ser conscients de la quantitat d&#8217;energia i aigua que podr\u00edem estalviar nom\u00e9s \u00a0amb petits gestos com tancar l\u2019aixeta mentre ens rentem les dents o sense deixar aparells connectats a la xarxa el\u00e8ctrica quan no els estem utilitzant.<\/p>\n<p>&nbsp;<\/p>\n<table style=\"width: 194px;\">\n<tbody>\n<tr>\n<td style=\"height: 194px; background: url('https:\/\/www.gstatic.com\/pwa\/s\/v\/lighthousefe_20160311.00_p1\/transparent_album_background.gif') no-repeat left;\" align=\"center\"><a href=\"https:\/\/picasaweb.google.com\/107198051835113305356\/Cinema3D?authuser=0&amp;feat=embedwebsite\" target=\"_blank\"><img loading=\"lazy\" decoding=\"async\" class=\"alignnone\" style=\"margin: 1px 0 0 4px;\" src=\"https:\/\/lh3.googleusercontent.com\/-u2hCQHflLTU\/VukmyvYPX6E\/AAAAAAAAEjg\/QocXHAZV7F8\/s160-c-Ic42\/Cinema3D\" alt=\"\" width=\"160\" height=\"160\" \/><\/a><\/td>\n<\/tr>\n<tr>\n<td style=\"text-align: center; font-family: arial,sans-serif; font-size: 11px;\"><a style=\"color: #4d4d4d; font-weight: bold; text-decoration: none;\" href=\"https:\/\/picasaweb.google.com\/107198051835113305356\/Cinema3D?authuser=0&amp;feat=embedwebsite\" target=\"_blank\">Cinema 3D<\/a><\/td>\n<\/tr>\n<\/tbody>\n<\/table>\n<p>&nbsp;<\/p>\n","protected":false},"excerpt":{"rendered":"<p>Els nens i nenes de cinqu\u00e8 vam anar al cinema de Vila-seca a veure la pel\u00b7l\u00edcula \u201cEnergia 3D\u201d. Ens ha agradat molt\u00edssim i hem pogut ser conscients de la quantitat d&#8217;energia i aigua que podr\u00edem estalviar nom\u00e9s \u00a0amb petits gestos com tancar l\u2019aixeta mentre ens&hellip;  <a href=\"https:\/\/agora.xtec.cat\/escjoanardevol\/primaria\/5e\/cinema-3d\/\" title=\"Read Cinema 3D\">Llegeix m\u00e9s\u00bb<\/a><\/p>\n","protected":false},"author":1,"featured_media":3516,"comment_status":"closed","ping_status":"open","sticky":false,"template":"","format":"standard","meta":{"_bbp_topic_count":0,"_bbp_reply_count":0,"_bbp_total_topic_count":0,"_bbp_total_reply_count":0,"_bbp_voice_count":0,"_bbp_anonymous_reply_count":0,"_bbp_topic_count_hidden":0,"_bbp_reply_count_hidden":0,"_bbp_forum_subforum_count":0,"footnotes":""},"categories":[14,15],"tags":[77,82,140,16],"class_list":["post-3515","post","type-post","status-publish","format-standard","has-post-thumbnail","hentry","category-5e","category-6e","tag-cicle-superior-2","tag-cinque","tag-medi","tag-sortides"],"post_mailing_queue_ids":[],"_links":{"self":[{"href":"https:\/\/agora.xtec.cat\/escjoanardevol\/wp-json\/wp\/v2\/posts\/3515","targetHints":{"allow":["GET"]}}],"collection":[{"href":"https:\/\/agora.xtec.cat\/escjoanardevol\/wp-json\/wp\/v2\/posts"}],"about":[{"href":"https:\/\/agora.xtec.cat\/escjoanardevol\/wp-json\/wp\/v2\/types\/post"}],"author":[{"embeddable":true,"href":"https:\/\/agora.xtec.cat\/escjoanardevol\/wp-json\/wp\/v2\/users\/1"}],"replies":[{"embeddable":true,"href":"https:\/\/agora.xtec.cat\/escjoanardevol\/wp-json\/wp\/v2\/comments?post=3515"}],"version-history":[{"count":0,"href":"https:\/\/agora.xtec.cat\/escjoanardevol\/wp-json\/wp\/v2\/posts\/3515\/revisions"}],"wp:featuredmedia":[{"embeddable":true,"href":"https:\/\/agora.xtec.cat\/escjoanardevol\/wp-json\/wp\/v2\/media\/3516"}],"wp:attachment":[{"href":"https:\/\/agora.xtec.cat\/escjoanardevol\/wp-json\/wp\/v2\/media?parent=3515"}],"wp:term":[{"taxonomy":"category","embeddable":true,"href":"https:\/\/agora.xtec.cat\/escjoanardevol\/wp-json\/wp\/v2\/categories?post=3515"},{"taxonomy":"post_tag","embeddable":true,"href":"https:\/\/agora.xtec.cat\/escjoanardevol\/wp-json\/wp\/v2\/tags?post=3515"}],"curies":[{"name":"wp","href":"https:\/\/api.w.org\/{rel}","templated":true}]}}