{"id":3511,"date":"2016-03-16T09:37:46","date_gmt":"2016-03-16T08:37:46","guid":{"rendered":"http:\/\/joanardevol.org\/info\/?p=3511"},"modified":"2016-03-16T09:37:46","modified_gmt":"2016-03-16T08:37:46","slug":"sortida-a-flix","status":"publish","type":"post","link":"https:\/\/agora.xtec.cat\/escjoanardevol\/primaria\/3r\/sortida-a-flix\/","title":{"rendered":"Sortida a Flix"},"content":{"rendered":"<div>\n<div>El dia 14 de mar\u00e7, els nens i les nenes de tercer i quart vam fer una bonica sortida a la reserva natural de Sebes, just a la vora del riu Ebre. Aquesta reserva est\u00e0 situada al municipi de Flix, a la Ribera d&#8217;Ebre.<\/div>\n<p>Hem visitat dos observatoris ornitol\u00f2gics i hem observat els ocells de la zona dins del seu ecosistema d&#8217;aiguamolls. Tamb\u00e9 hem vist els cavalls de la Camarga que condicionen les zones inundables pasturant el cany\u00eds. Despr\u00e9s de dinar vam visitar el refugi antiaeri del poble i el mol\u00ed d&#8217;oli artesanal.<\/p>\n<\/div>\n<p>Tot i ser un dia una mica pluj\u00f3s vam aprendre molt i ens ho vam passar d&#8217;all\u00f2 m\u00e9s b\u00e9!<\/p>\n<p>&nbsp;<\/p>\n<table style=\"width: 194px;\">\n<tbody>\n<tr>\n<td style=\"height: 194px; background: url('https:\/\/www.gstatic.com\/pwa\/s\/v\/lighthousefe_20160311.00_p1\/transparent_album_background.gif') no-repeat left;\" align=\"center\"><a href=\"https:\/\/picasaweb.google.com\/107198051835113305356\/CMFlix?authuser=0&amp;feat=embedwebsite\" target=\"_blank\"><img loading=\"lazy\" decoding=\"async\" class=\"alignnone\" style=\"margin: 1px 0 0 4px;\" src=\"https:\/\/lh3.googleusercontent.com\/-8bsVKfm4TLU\/VukY5DFOTGE\/AAAAAAAAEig\/4QF52ExNj8A\/s160-c-Ic42\/CMFlix\" alt=\"\" width=\"160\" height=\"160\" \/><\/a><\/td>\n<\/tr>\n<tr>\n<td style=\"text-align: center; font-family: arial,sans-serif; font-size: 11px;\"><a style=\"color: #4d4d4d; font-weight: bold; text-decoration: none;\" href=\"https:\/\/picasaweb.google.com\/107198051835113305356\/CMFlix?authuser=0&amp;feat=embedwebsite\" target=\"_blank\">CM Flix<\/a><\/td>\n<\/tr>\n<\/tbody>\n<\/table>\n<p>&nbsp;<\/p>\n","protected":false},"excerpt":{"rendered":"<p>El dia 14 de mar\u00e7, els nens i les nenes de tercer i quart vam fer una bonica sortida a la reserva natural de Sebes, just a la vora del riu Ebre. Aquesta reserva est\u00e0 situada al municipi de Flix, a la Ribera d&#8217;Ebre.<br \/>\nHem visitat&hellip;  <a href=\"https:\/\/agora.xtec.cat\/escjoanardevol\/primaria\/3r\/sortida-a-flix\/\" title=\"Read Sortida a Flix\">Llegeix m\u00e9s\u00bb<\/a><\/p>\n","protected":false},"author":1,"featured_media":3512,"comment_status":"closed","ping_status":"open","sticky":false,"template":"","format":"standard","meta":{"_bbp_topic_count":0,"_bbp_reply_count":0,"_bbp_total_topic_count":0,"_bbp_total_reply_count":0,"_bbp_voice_count":0,"_bbp_anonymous_reply_count":0,"_bbp_topic_count_hidden":0,"_bbp_reply_count_hidden":0,"_bbp_forum_subforum_count":0,"footnotes":""},"categories":[12,13],"tags":[76,140,144,16],"class_list":["post-3511","post","type-post","status-publish","format-standard","has-post-thumbnail","hentry","category-3r","category-4t","tag-cicle-mitja","tag-medi","tag-museus","tag-sortides"],"post_mailing_queue_ids":[],"_links":{"self":[{"href":"https:\/\/agora.xtec.cat\/escjoanardevol\/wp-json\/wp\/v2\/posts\/3511","targetHints":{"allow":["GET"]}}],"collection":[{"href":"https:\/\/agora.xtec.cat\/escjoanardevol\/wp-json\/wp\/v2\/posts"}],"about":[{"href":"https:\/\/agora.xtec.cat\/escjoanardevol\/wp-json\/wp\/v2\/types\/post"}],"author":[{"embeddable":true,"href":"https:\/\/agora.xtec.cat\/escjoanardevol\/wp-json\/wp\/v2\/users\/1"}],"replies":[{"embeddable":true,"href":"https:\/\/agora.xtec.cat\/escjoanardevol\/wp-json\/wp\/v2\/comments?post=3511"}],"version-history":[{"count":0,"href":"https:\/\/agora.xtec.cat\/escjoanardevol\/wp-json\/wp\/v2\/posts\/3511\/revisions"}],"wp:featuredmedia":[{"embeddable":true,"href":"https:\/\/agora.xtec.cat\/escjoanardevol\/wp-json\/wp\/v2\/media\/3512"}],"wp:attachment":[{"href":"https:\/\/agora.xtec.cat\/escjoanardevol\/wp-json\/wp\/v2\/media?parent=3511"}],"wp:term":[{"taxonomy":"category","embeddable":true,"href":"https:\/\/agora.xtec.cat\/escjoanardevol\/wp-json\/wp\/v2\/categories?post=3511"},{"taxonomy":"post_tag","embeddable":true,"href":"https:\/\/agora.xtec.cat\/escjoanardevol\/wp-json\/wp\/v2\/tags?post=3511"}],"curies":[{"name":"wp","href":"https:\/\/api.w.org\/{rel}","templated":true}]}}