{"id":3498,"date":"2016-03-07T13:57:10","date_gmt":"2016-03-07T12:57:10","guid":{"rendered":"http:\/\/joanardevol.org\/info\/?p=3498"},"modified":"2016-03-07T13:57:10","modified_gmt":"2016-03-07T12:57:10","slug":"cicle-inicial-anem-al-teatre-bartrina","status":"publish","type":"post","link":"https:\/\/agora.xtec.cat\/escjoanardevol\/general\/cicle-inicial-anem-al-teatre-bartrina\/","title":{"rendered":"Cicle inicial anem al Teatre Bartrina"},"content":{"rendered":"<p>Divendres 4 de mar\u00e7 els\/les alumnes de 1r i 2n vam anar al Teatre Bartrina de Reus.<\/p>\n<p>Vam veure l\u2019obra \u201cJungle book\u201d que era mig en angl\u00e8s , mig en catal\u00e0 i ho vam entendre tot. L\u2019escenari tenia un decorat com si fos una selva. Nom\u00e9s hi havia quatre actors\/actrius que feien tots els personatges i es canviaven les disfresses molt r\u00e0pidament. Despr\u00e9s vam anar a esmorzar a la pla\u00e7a del Pallol. Quan vam acabar, vam jugar una mica i ja vam tornar cap a l\u2019escola. Va ser un mat\u00ed molt divertit.<\/p>\n<p>[alpine-phototile-for-picasa-and-google-plus src=&#8221;user_album&#8221; uid=&#8221;107198051835113305356&#8243; ualb=&#8221;6259292455109184033&#8243; imgl=&#8221;picasa&#8221; style=&#8221;gallery&#8221; row=&#8221;4&#8243; grwidth=&#8221;800&#8243; grheight=&#8221;600&#8243; size=&#8221;512&#8243; num=&#8221;19&#8243; align=&#8221;center&#8221; max=&#8221;100&#8243;]<\/p>\n<p>&nbsp;<\/p>\n","protected":false},"excerpt":{"rendered":"<p>Divendres 4 de mar\u00e7 els\/les alumnes de 1r i 2n vam anar al Teatre Bartrina de Reus.<br \/>\nVam veure l\u2019obra \u201cJungle book\u201d que era mig en angl\u00e8s , mig en catal\u00e0 i ho vam entendre tot. L\u2019escenari tenia un decorat com si fos una selva. Nom\u00e9s&hellip;  <a href=\"https:\/\/agora.xtec.cat\/escjoanardevol\/general\/cicle-inicial-anem-al-teatre-bartrina\/\" title=\"Read Cicle inicial anem al Teatre Bartrina\">Llegeix m\u00e9s\u00bb<\/a><\/p>\n","protected":false},"author":1,"featured_media":3499,"comment_status":"closed","ping_status":"open","sticky":false,"template":"","format":"standard","meta":{"_bbp_topic_count":0,"_bbp_reply_count":0,"_bbp_total_topic_count":0,"_bbp_total_reply_count":0,"_bbp_voice_count":0,"_bbp_anonymous_reply_count":0,"_bbp_topic_count_hidden":0,"_bbp_reply_count_hidden":0,"_bbp_forum_subforum_count":0,"footnotes":""},"categories":[10,11,1],"tags":[75,116,16,180],"class_list":["post-3498","post","type-post","status-publish","format-standard","has-post-thumbnail","hentry","category-1r","category-2n","category-general","tag-cicle-inicial","tag-fotos","tag-sortides","tag-teatre"],"post_mailing_queue_ids":[],"_links":{"self":[{"href":"https:\/\/agora.xtec.cat\/escjoanardevol\/wp-json\/wp\/v2\/posts\/3498","targetHints":{"allow":["GET"]}}],"collection":[{"href":"https:\/\/agora.xtec.cat\/escjoanardevol\/wp-json\/wp\/v2\/posts"}],"about":[{"href":"https:\/\/agora.xtec.cat\/escjoanardevol\/wp-json\/wp\/v2\/types\/post"}],"author":[{"embeddable":true,"href":"https:\/\/agora.xtec.cat\/escjoanardevol\/wp-json\/wp\/v2\/users\/1"}],"replies":[{"embeddable":true,"href":"https:\/\/agora.xtec.cat\/escjoanardevol\/wp-json\/wp\/v2\/comments?post=3498"}],"version-history":[{"count":0,"href":"https:\/\/agora.xtec.cat\/escjoanardevol\/wp-json\/wp\/v2\/posts\/3498\/revisions"}],"wp:featuredmedia":[{"embeddable":true,"href":"https:\/\/agora.xtec.cat\/escjoanardevol\/wp-json\/wp\/v2\/media\/3499"}],"wp:attachment":[{"href":"https:\/\/agora.xtec.cat\/escjoanardevol\/wp-json\/wp\/v2\/media?parent=3498"}],"wp:term":[{"taxonomy":"category","embeddable":true,"href":"https:\/\/agora.xtec.cat\/escjoanardevol\/wp-json\/wp\/v2\/categories?post=3498"},{"taxonomy":"post_tag","embeddable":true,"href":"https:\/\/agora.xtec.cat\/escjoanardevol\/wp-json\/wp\/v2\/tags?post=3498"}],"curies":[{"name":"wp","href":"https:\/\/api.w.org\/{rel}","templated":true}]}}