{"id":3479,"date":"2016-02-22T08:27:45","date_gmt":"2016-02-22T07:27:45","guid":{"rendered":"http:\/\/joanardevol.org\/info\/?p=3479"},"modified":"2016-02-22T08:27:45","modified_gmt":"2016-02-22T07:27:45","slug":"el-segon-programa-de-radio-ja-es-a-laire","status":"publish","type":"post","link":"https:\/\/agora.xtec.cat\/escjoanardevol\/general\/el-segon-programa-de-radio-ja-es-a-laire\/","title":{"rendered":"El segon programa de r\u00e0dio ja \u00e9s a l&#8217;aire"},"content":{"rendered":"<p>R\u00e0dio Pinaret ha llan\u00e7at un nou programa carregat de continguts. Tindrem l&#8217;oportunitat d&#8217;escoltar a la Joana, la nostra cap d&#8217;estudis, que ens parlar\u00e0 de la diversitat i l&#8217;atenci\u00f3 que rep a la nostra escola. El Mestre Ramon ens presenta al pallasso &#8220;Ding Dong&#8221;, en el segon cap\u00edtol dels &#8220;Contes pu\u00e7a&#8221;, d&#8217;en Riki Blanco. Uns alumnes entrevistaran al mestre Josep, que ens aportar\u00e0 molta informaci\u00f3 envers la hist\u00f2ria i la figura del Mestre Joan Ard\u00e8vol, la persona que dona nom a la nostra escola. Desvetllarem qui ha estat el guanyador o la guanyadora del concurs &#8220;La maleta dels enigmes&#8221;. Per finalitzar, no us perdeu l&#8217;entrevista a en Nizar, el dissenyador de &#8220;Verdi&#8221;, la mascota representativa del projecte d&#8217;Escola Verda. Esperem que us agradi!<\/p>\n<!--[if lt IE 9]><script>document.createElement('audio');<\/script><![endif]-->\n<audio class=\"wp-audio-shortcode\" id=\"audio-3479-1\" preload=\"none\" style=\"width: 100%;\" controls=\"controls\"><source type=\"audio\/mpeg\" src=\"http:\/\/www.joanardevol.org\/radio\/wp-content\/uploads\/2016\/02\/programa2.mp3?_=1\" \/><a href=\"http:\/\/www.joanardevol.org\/radio\/wp-content\/uploads\/2016\/02\/programa2.mp3\">http:\/\/www.joanardevol.org\/radio\/wp-content\/uploads\/2016\/02\/programa2.mp3<\/a><\/audio>\n<p>&nbsp;<\/p>\n<p><img loading=\"lazy\" decoding=\"async\" class=\"alignnone wp-image-3486\" src=\"http:\/\/joanardevol.org\/info\/wp-content\/uploads\/2016\/02\/radio3-300x169.jpg\" alt=\"radio3\" width=\"540\" height=\"304\" \/><\/p>\n","protected":false},"excerpt":{"rendered":"<p>R\u00e0dio Pinaret ha llan\u00e7at un nou programa carregat de continguts. Tindrem l&#8217;oportunitat d&#8217;escoltar a la Joana, la nostra cap d&#8217;estudis, que ens parlar\u00e0 de la diversitat i l&#8217;atenci\u00f3 que rep a la nostra escola. El Mestre Ramon ens presenta al pallasso &#8220;Ding Dong&#8221;, en el&hellip;  <a href=\"https:\/\/agora.xtec.cat\/escjoanardevol\/general\/el-segon-programa-de-radio-ja-es-a-laire\/\" title=\"Read El segon programa de r\u00e0dio ja \u00e9s a l&#8217;aire\">Llegeix m\u00e9s\u00bb<\/a><\/p>\n","protected":false},"author":1,"featured_media":3486,"comment_status":"closed","ping_status":"open","sticky":false,"template":"","format":"audio","meta":{"_bbp_topic_count":0,"_bbp_reply_count":0,"_bbp_total_topic_count":0,"_bbp_total_reply_count":0,"_bbp_voice_count":0,"_bbp_anonymous_reply_count":0,"_bbp_topic_count_hidden":0,"_bbp_reply_count_hidden":0,"_bbp_forum_subforum_count":0,"footnotes":""},"categories":[10,11,12,13,14,15,1,2,3,8,9],"tags":[59,89,130,148,163,164,187],"class_list":["post-3479","post","type-post","status-publish","format-audio","has-post-thumbnail","hentry","category-1r","category-2n","category-3r","category-4t","category-5e","category-6e","category-general","category-infantil","category-p3","category-p4","category-p5","tag-activitats","tag-concursos","tag-lectura","tag-noticies","tag-radio","tag-reciclatge","tag-valors","post_format-post-format-audio"],"post_mailing_queue_ids":[],"_links":{"self":[{"href":"https:\/\/agora.xtec.cat\/escjoanardevol\/wp-json\/wp\/v2\/posts\/3479","targetHints":{"allow":["GET"]}}],"collection":[{"href":"https:\/\/agora.xtec.cat\/escjoanardevol\/wp-json\/wp\/v2\/posts"}],"about":[{"href":"https:\/\/agora.xtec.cat\/escjoanardevol\/wp-json\/wp\/v2\/types\/post"}],"author":[{"embeddable":true,"href":"https:\/\/agora.xtec.cat\/escjoanardevol\/wp-json\/wp\/v2\/users\/1"}],"replies":[{"embeddable":true,"href":"https:\/\/agora.xtec.cat\/escjoanardevol\/wp-json\/wp\/v2\/comments?post=3479"}],"version-history":[{"count":0,"href":"https:\/\/agora.xtec.cat\/escjoanardevol\/wp-json\/wp\/v2\/posts\/3479\/revisions"}],"wp:featuredmedia":[{"embeddable":true,"href":"https:\/\/agora.xtec.cat\/escjoanardevol\/wp-json\/"}],"wp:attachment":[{"href":"https:\/\/agora.xtec.cat\/escjoanardevol\/wp-json\/wp\/v2\/media?parent=3479"}],"wp:term":[{"taxonomy":"category","embeddable":true,"href":"https:\/\/agora.xtec.cat\/escjoanardevol\/wp-json\/wp\/v2\/categories?post=3479"},{"taxonomy":"post_tag","embeddable":true,"href":"https:\/\/agora.xtec.cat\/escjoanardevol\/wp-json\/wp\/v2\/tags?post=3479"}],"curies":[{"name":"wp","href":"https:\/\/api.w.org\/{rel}","templated":true}]}}