{"id":3470,"date":"2016-02-19T11:02:27","date_gmt":"2016-02-19T10:02:27","guid":{"rendered":"http:\/\/joanardevol.org\/info\/?p=3470"},"modified":"2016-02-19T11:02:27","modified_gmt":"2016-02-19T10:02:27","slug":"en-jaume-copons-ens-visita","status":"publish","type":"post","link":"https:\/\/agora.xtec.cat\/escjoanardevol\/general\/en-jaume-copons-ens-visita\/","title":{"rendered":"En Jaume Copons ens visita"},"content":{"rendered":"<p>Els alumnes de cinqu\u00e8 de prim\u00e0ria han rebut la visita de l&#8217;escriptor Jaume Copons, autor de la lectura proposada per al curs &#8220;La m\u00e0 negra&#8221;.<\/p>\n<p>L&#8217;autor ens va explicar en una xerrada d&#8217;all\u00f2 m\u00e9s motivadora, com havien estat els seus inicis en el m\u00f3n literari. Tamb\u00e9 va fer un rep\u00e0s a la seva vida professional la qual es va iniciar com a guionista de la s\u00e8rie de televisi\u00f3 per a nens i nenes de &#8220;Barrio S\u00e9samo&#8221;.<\/p>\n<p><img loading=\"lazy\" decoding=\"async\" class=\"size-medium wp-image-3474 aligncenter\" src=\"http:\/\/agora.xtec.cat\/escjoanardevol\/wp-content\/uploads\/usu550\/2016\/02\/2016-02-18-11.42.57-300x225.jpg\" alt=\"2016-02-18 11.42.57\" width=\"300\" height=\"225\" srcset=\"https:\/\/agora.xtec.cat\/escjoanardevol\/wp-content\/uploads\/usu550\/2016\/02\/2016-02-18-11.42.57-300x225.jpg 300w, https:\/\/agora.xtec.cat\/escjoanardevol\/wp-content\/uploads\/usu550\/2016\/02\/2016-02-18-11.42.57-768x576.jpg 768w, https:\/\/agora.xtec.cat\/escjoanardevol\/wp-content\/uploads\/usu550\/2016\/02\/2016-02-18-11.42.57-1024x768.jpg 1024w, https:\/\/agora.xtec.cat\/escjoanardevol\/wp-content\/uploads\/usu550\/2016\/02\/2016-02-18-11.42.57-200x150.jpg 200w\" sizes=\"auto, (max-width: 300px) 100vw, 300px\" \/><\/p>\n<p>Tots els nens i nenes l&#8217;escoltaven bocabadats i quan va finalitzar l&#8217;explicaci\u00f3 li van fer multitud de preguntes, totes molt interessants, que en Jaume va respondre \u00a0amablement. Tamb\u00e9 ens va fer una dedicat\u00f2ria molt emotiva per l&#8217;escola.<\/p>\n<p>Gr\u00e0cies Jaume!<\/p>\n","protected":false},"excerpt":{"rendered":"<p>Els alumnes de cinqu\u00e8 de prim\u00e0ria han rebut la visita de l&#8217;escriptor Jaume Copons, autor de la lectura proposada per al curs &#8220;La m\u00e0 negra&#8221;.<br \/>\nL&#8217;autor ens va explicar en una xerrada d&#8217;all\u00f2 m\u00e9s motivadora, com havien estat els seus inicis en el m\u00f3n literari. Tamb\u00e9&hellip;  <a href=\"https:\/\/agora.xtec.cat\/escjoanardevol\/general\/en-jaume-copons-ens-visita\/\" title=\"Read En Jaume Copons ens visita\">Llegeix m\u00e9s\u00bb<\/a><\/p>\n","protected":false},"author":1,"featured_media":3472,"comment_status":"closed","ping_status":"open","sticky":false,"template":"","format":"standard","meta":{"_bbp_topic_count":0,"_bbp_reply_count":0,"_bbp_total_topic_count":0,"_bbp_total_reply_count":0,"_bbp_voice_count":0,"_bbp_anonymous_reply_count":0,"_bbp_topic_count_hidden":0,"_bbp_reply_count_hidden":0,"_bbp_forum_subforum_count":0,"footnotes":""},"categories":[14,15,1],"tags":[96,107,109,127,130,136],"class_list":["post-3470","post","type-post","status-publish","format-standard","has-post-thumbnail","hentry","category-5e","category-6e","category-general","tag-copons","tag-escola","tag-escriptor","tag-jaume-copons","tag-lectura","tag-ma-negra"],"post_mailing_queue_ids":[],"_links":{"self":[{"href":"https:\/\/agora.xtec.cat\/escjoanardevol\/wp-json\/wp\/v2\/posts\/3470","targetHints":{"allow":["GET"]}}],"collection":[{"href":"https:\/\/agora.xtec.cat\/escjoanardevol\/wp-json\/wp\/v2\/posts"}],"about":[{"href":"https:\/\/agora.xtec.cat\/escjoanardevol\/wp-json\/wp\/v2\/types\/post"}],"author":[{"embeddable":true,"href":"https:\/\/agora.xtec.cat\/escjoanardevol\/wp-json\/wp\/v2\/users\/1"}],"replies":[{"embeddable":true,"href":"https:\/\/agora.xtec.cat\/escjoanardevol\/wp-json\/wp\/v2\/comments?post=3470"}],"version-history":[{"count":0,"href":"https:\/\/agora.xtec.cat\/escjoanardevol\/wp-json\/wp\/v2\/posts\/3470\/revisions"}],"wp:featuredmedia":[{"embeddable":true,"href":"https:\/\/agora.xtec.cat\/escjoanardevol\/wp-json\/wp\/v2\/media\/3472"}],"wp:attachment":[{"href":"https:\/\/agora.xtec.cat\/escjoanardevol\/wp-json\/wp\/v2\/media?parent=3470"}],"wp:term":[{"taxonomy":"category","embeddable":true,"href":"https:\/\/agora.xtec.cat\/escjoanardevol\/wp-json\/wp\/v2\/categories?post=3470"},{"taxonomy":"post_tag","embeddable":true,"href":"https:\/\/agora.xtec.cat\/escjoanardevol\/wp-json\/wp\/v2\/tags?post=3470"}],"curies":[{"name":"wp","href":"https:\/\/api.w.org\/{rel}","templated":true}]}}