{"id":3435,"date":"2016-01-26T11:17:12","date_gmt":"2016-01-26T10:17:12","guid":{"rendered":"http:\/\/joanardevol.org\/info\/?p=3435"},"modified":"2016-01-26T11:17:12","modified_gmt":"2016-01-26T10:17:12","slug":"cm-visita-la-vil%c2%b7la-romana-de-la-llosa","status":"publish","type":"post","link":"https:\/\/agora.xtec.cat\/escjoanardevol\/general\/cm-visita-la-vil%c2%b7la-romana-de-la-llosa\/","title":{"rendered":"CM visita la Vil\u00b7la Romana de la Llosa"},"content":{"rendered":"<p>Les nenes i els nens de quart hem anat a visitar la Vil.la Romana de la LLosa.<\/p>\n<div>La Vil\u00b7la Romana de La Llosa \u00e9s un jaciment\u00a0 que mostra les restes conservades d\u2019una vil\u00b7la de l\u2019entorn immediat de Tarraco habitada entre els segles I aC i VI dC. La Vil\u00b7la \u00e9s un &#8220;B\u00e9 Cultural d\u2019Inter\u00e8s Local&#8221;.<\/div>\n<div>Hem apr\u00e8s on i com vivien els antics romans, qu\u00e8 cultivaven, quins animals dom\u00e8stics tenien, qu\u00e8 menjaven i\u00a0 com eren les diferents estances de la casa.<\/div>\n<div>Ens hem despla\u00e7at fins all\u00e0 amb trenet. Ha estat una sortida divertida i enriquidora.<\/div>\n<div><\/div>\n<div>[simpleviewer gallery_id=&#8221;25&#8243;]<\/div>\n<div><\/div>\n<div>Si vols veure l&#8217;\u00e0lbum sencer:<\/div>\n<div>\n<table style=\"width:194px;\">\n<tr>\n<td align=\"center\" style=\"height:194px;background:url(https:\/\/www.gstatic.com\/pwa\/s\/v\/lighthousefe_20160113.00_p0\/transparent_album_background.gif) no-repeat left\"><a href=\"https:\/\/picasaweb.google.com\/107198051835113305356\/CMLaLlosa?authuser=0&#038;feat=embedwebsite\"><img loading=\"lazy\" decoding=\"async\" src=\"https:\/\/lh3.googleusercontent.com\/-1QkijVUq2ZI\/VqdE5MP4QFE\/AAAAAAAADv4\/5dtR5652HDM\/s160-c-Ic42\/CMLaLlosa.jpg\" width=\"160\" height=\"160\" style=\"margin:1px 0 0 4px;\"><\/a><\/td>\n<\/tr>\n<tr>\n<td style=\"text-align:center;font-family:arial,sans-serif;font-size:11px\"><a href=\"https:\/\/picasaweb.google.com\/107198051835113305356\/CMLaLlosa?authuser=0&#038;feat=embedwebsite\" style=\"color:#4D4D4D;font-weight:bold;text-decoration:none;\">CM la llosa<\/a><\/td>\n<\/tr>\n<\/table>\n<\/div>\n","protected":false},"excerpt":{"rendered":"<p>Les nenes i els nens de quart hem anat a visitar la Vil.la Romana de la LLosa.<br \/>\nLa Vil\u00b7la Romana de La Llosa \u00e9s un jaciment\u00a0 que mostra les restes conservades d\u2019una vil\u00b7la de l\u2019entorn immediat de Tarraco habitada entre els segles I aC i VI&hellip;  <a href=\"https:\/\/agora.xtec.cat\/escjoanardevol\/general\/cm-visita-la-vil%c2%b7la-romana-de-la-llosa\/\" title=\"Read CM visita la Vil\u00b7la Romana de la Llosa\">Llegeix m\u00e9s\u00bb<\/a><\/p>\n","protected":false},"author":1,"featured_media":3436,"comment_status":"closed","ping_status":"open","sticky":false,"template":"","format":"standard","meta":{"_bbp_topic_count":0,"_bbp_reply_count":0,"_bbp_total_topic_count":0,"_bbp_total_reply_count":0,"_bbp_voice_count":0,"_bbp_anonymous_reply_count":0,"_bbp_topic_count_hidden":0,"_bbp_reply_count_hidden":0,"_bbp_forum_subforum_count":0,"footnotes":""},"categories":[12,13,1],"tags":[69,76,140,144,172,16],"class_list":["post-3435","post","type-post","status-publish","format-standard","has-post-thumbnail","hentry","category-3r","category-4t","category-general","tag-cambrils","tag-cicle-mitja","tag-medi","tag-museus","tag-sortida","tag-sortides"],"post_mailing_queue_ids":[],"_links":{"self":[{"href":"https:\/\/agora.xtec.cat\/escjoanardevol\/wp-json\/wp\/v2\/posts\/3435","targetHints":{"allow":["GET"]}}],"collection":[{"href":"https:\/\/agora.xtec.cat\/escjoanardevol\/wp-json\/wp\/v2\/posts"}],"about":[{"href":"https:\/\/agora.xtec.cat\/escjoanardevol\/wp-json\/wp\/v2\/types\/post"}],"author":[{"embeddable":true,"href":"https:\/\/agora.xtec.cat\/escjoanardevol\/wp-json\/wp\/v2\/users\/1"}],"replies":[{"embeddable":true,"href":"https:\/\/agora.xtec.cat\/escjoanardevol\/wp-json\/wp\/v2\/comments?post=3435"}],"version-history":[{"count":0,"href":"https:\/\/agora.xtec.cat\/escjoanardevol\/wp-json\/wp\/v2\/posts\/3435\/revisions"}],"wp:featuredmedia":[{"embeddable":true,"href":"https:\/\/agora.xtec.cat\/escjoanardevol\/wp-json\/wp\/v2\/media\/3436"}],"wp:attachment":[{"href":"https:\/\/agora.xtec.cat\/escjoanardevol\/wp-json\/wp\/v2\/media?parent=3435"}],"wp:term":[{"taxonomy":"category","embeddable":true,"href":"https:\/\/agora.xtec.cat\/escjoanardevol\/wp-json\/wp\/v2\/categories?post=3435"},{"taxonomy":"post_tag","embeddable":true,"href":"https:\/\/agora.xtec.cat\/escjoanardevol\/wp-json\/wp\/v2\/tags?post=3435"}],"curies":[{"name":"wp","href":"https:\/\/api.w.org\/{rel}","templated":true}]}}