{"id":3429,"date":"2016-01-21T14:16:25","date_gmt":"2016-01-21T13:16:25","guid":{"rendered":"http:\/\/joanardevol.org\/info\/?p=3429"},"modified":"2016-01-21T14:16:25","modified_gmt":"2016-01-21T13:16:25","slug":"padrins-i-padrines-de-lectura","status":"publish","type":"post","link":"https:\/\/agora.xtec.cat\/escjoanardevol\/general\/padrins-i-padrines-de-lectura\/","title":{"rendered":"Padrins i padrines de lectura"},"content":{"rendered":"<p>Dimecres 20 de gener va comen\u00e7ar una nova experi\u00e8ncia a l\u2019escola. A partir d\u2019ara els\/les alumnes de 1r seran els fillols i filloles dels\/les companys i companyes de 6\u00e8. Els\/les alumnes m\u00e9s grans de prim\u00e0ria seran padrins i padrines que ajudaran a llegir i a gaudir amb la lectura als m\u00e9s petits. Cada dimecres de 16:00 a 16:30 agafaran els carnets, es trobaran amb alegria i aniran a passar una bona estona amb les hist\u00f2ries que llegiran.<\/p>\n<p>Qu\u00e8 b\u00e9 que ho passaran!!<\/p>\n<p>[simpleviewer gallery_id=&#8221;24&#8243;]<\/p>\n","protected":false},"excerpt":{"rendered":"<p>Dimecres 20 de gener va comen\u00e7ar una nova experi\u00e8ncia a l\u2019escola. A partir d\u2019ara els\/les alumnes de 1r seran els fillols i filloles dels\/les companys i companyes de 6\u00e8. Els\/les alumnes m\u00e9s grans de prim\u00e0ria seran padrins i padrines que ajudaran a llegir i a&hellip;  <a href=\"https:\/\/agora.xtec.cat\/escjoanardevol\/general\/padrins-i-padrines-de-lectura\/\" title=\"Read Padrins i padrines de lectura\">Llegeix m\u00e9s\u00bb<\/a><\/p>\n","protected":false},"author":1,"featured_media":3430,"comment_status":"closed","ping_status":"open","sticky":false,"template":"","format":"standard","meta":{"_bbp_topic_count":0,"_bbp_reply_count":0,"_bbp_total_topic_count":0,"_bbp_total_reply_count":0,"_bbp_voice_count":0,"_bbp_anonymous_reply_count":0,"_bbp_topic_count_hidden":0,"_bbp_reply_count_hidden":0,"_bbp_forum_subforum_count":0,"footnotes":""},"categories":[10,11,14,15,1],"tags":[59,67,75,77,94,130],"class_list":["post-3429","post","type-post","status-publish","format-standard","has-post-thumbnail","hentry","category-1r","category-2n","category-5e","category-6e","category-general","tag-activitats","tag-biblioteca","tag-cicle-inicial","tag-cicle-superior-2","tag-cooperacio","tag-lectura"],"post_mailing_queue_ids":[],"_links":{"self":[{"href":"https:\/\/agora.xtec.cat\/escjoanardevol\/wp-json\/wp\/v2\/posts\/3429","targetHints":{"allow":["GET"]}}],"collection":[{"href":"https:\/\/agora.xtec.cat\/escjoanardevol\/wp-json\/wp\/v2\/posts"}],"about":[{"href":"https:\/\/agora.xtec.cat\/escjoanardevol\/wp-json\/wp\/v2\/types\/post"}],"author":[{"embeddable":true,"href":"https:\/\/agora.xtec.cat\/escjoanardevol\/wp-json\/wp\/v2\/users\/1"}],"replies":[{"embeddable":true,"href":"https:\/\/agora.xtec.cat\/escjoanardevol\/wp-json\/wp\/v2\/comments?post=3429"}],"version-history":[{"count":0,"href":"https:\/\/agora.xtec.cat\/escjoanardevol\/wp-json\/wp\/v2\/posts\/3429\/revisions"}],"wp:featuredmedia":[{"embeddable":true,"href":"https:\/\/agora.xtec.cat\/escjoanardevol\/wp-json\/wp\/v2\/media\/3430"}],"wp:attachment":[{"href":"https:\/\/agora.xtec.cat\/escjoanardevol\/wp-json\/wp\/v2\/media?parent=3429"}],"wp:term":[{"taxonomy":"category","embeddable":true,"href":"https:\/\/agora.xtec.cat\/escjoanardevol\/wp-json\/wp\/v2\/categories?post=3429"},{"taxonomy":"post_tag","embeddable":true,"href":"https:\/\/agora.xtec.cat\/escjoanardevol\/wp-json\/wp\/v2\/tags?post=3429"}],"curies":[{"name":"wp","href":"https:\/\/api.w.org\/{rel}","templated":true}]}}