{"id":3425,"date":"2016-01-15T17:22:08","date_gmt":"2016-01-15T16:22:08","guid":{"rendered":"http:\/\/joanardevol.org\/info\/?p=3425"},"modified":"2016-01-15T17:22:08","modified_gmt":"2016-01-15T16:22:08","slug":"aprenem-a-dir-no","status":"publish","type":"post","link":"https:\/\/agora.xtec.cat\/escjoanardevol\/general\/aprenem-a-dir-no\/","title":{"rendered":"Aprenem a dir NO!"},"content":{"rendered":"<p>Dimecres 13 i divendres 15 els alumnes de 6\u00e8 vam participar en un taller molt interessant del Departament de Salut P\u00fablica de Catalunya sobre els perills del consum del tabac. Vam descobrir que el tabac cont\u00e9 molt\u00edssimes subst\u00e0ncies t\u00f2xiques perilloses per al nostre organisme i que provoca malalties que poden arribar a ser mortals. Ser conscients d&#8217;aquests perills ens ajudar\u00e0 a evitar futures conductes de risc.<\/p>\n<p>[simpleviewer gallery_id=&#8221;23&#8243;]<\/p>\n","protected":false},"excerpt":{"rendered":"<p>Dimecres 13 i divendres 15 els alumnes de 6\u00e8 vam participar en un taller molt interessant del Departament de Salut P\u00fablica de Catalunya sobre els perills del consum del tabac. Vam descobrir que el tabac cont\u00e9 molt\u00edssimes subst\u00e0ncies t\u00f2xiques perilloses per al nostre organisme i&hellip;  <a href=\"https:\/\/agora.xtec.cat\/escjoanardevol\/general\/aprenem-a-dir-no\/\" title=\"Read Aprenem a dir NO!\">Llegeix m\u00e9s\u00bb<\/a><\/p>\n","protected":false},"author":1,"featured_media":3426,"comment_status":"closed","ping_status":"open","sticky":false,"template":"","format":"standard","meta":{"_bbp_topic_count":0,"_bbp_reply_count":0,"_bbp_total_topic_count":0,"_bbp_total_reply_count":0,"_bbp_voice_count":0,"_bbp_anonymous_reply_count":0,"_bbp_topic_count_hidden":0,"_bbp_reply_count_hidden":0,"_bbp_forum_subforum_count":0,"footnotes":""},"categories":[14,1],"tags":[59,77,167,187],"class_list":["post-3425","post","type-post","status-publish","format-standard","has-post-thumbnail","hentry","category-5e","category-general","tag-activitats","tag-cicle-superior-2","tag-salut","tag-valors"],"post_mailing_queue_ids":[],"_links":{"self":[{"href":"https:\/\/agora.xtec.cat\/escjoanardevol\/wp-json\/wp\/v2\/posts\/3425","targetHints":{"allow":["GET"]}}],"collection":[{"href":"https:\/\/agora.xtec.cat\/escjoanardevol\/wp-json\/wp\/v2\/posts"}],"about":[{"href":"https:\/\/agora.xtec.cat\/escjoanardevol\/wp-json\/wp\/v2\/types\/post"}],"author":[{"embeddable":true,"href":"https:\/\/agora.xtec.cat\/escjoanardevol\/wp-json\/wp\/v2\/users\/1"}],"replies":[{"embeddable":true,"href":"https:\/\/agora.xtec.cat\/escjoanardevol\/wp-json\/wp\/v2\/comments?post=3425"}],"version-history":[{"count":0,"href":"https:\/\/agora.xtec.cat\/escjoanardevol\/wp-json\/wp\/v2\/posts\/3425\/revisions"}],"wp:featuredmedia":[{"embeddable":true,"href":"https:\/\/agora.xtec.cat\/escjoanardevol\/wp-json\/wp\/v2\/media\/3426"}],"wp:attachment":[{"href":"https:\/\/agora.xtec.cat\/escjoanardevol\/wp-json\/wp\/v2\/media?parent=3425"}],"wp:term":[{"taxonomy":"category","embeddable":true,"href":"https:\/\/agora.xtec.cat\/escjoanardevol\/wp-json\/wp\/v2\/categories?post=3425"},{"taxonomy":"post_tag","embeddable":true,"href":"https:\/\/agora.xtec.cat\/escjoanardevol\/wp-json\/wp\/v2\/tags?post=3425"}],"curies":[{"name":"wp","href":"https:\/\/api.w.org\/{rel}","templated":true}]}}