{"id":3399,"date":"2015-12-23T12:27:09","date_gmt":"2015-12-23T11:27:09","guid":{"rendered":"http:\/\/joanardevol.org\/info\/?p=3399"},"modified":"2015-12-23T12:27:09","modified_gmt":"2015-12-23T11:27:09","slug":"festival-de-nadal-2015","status":"publish","type":"post","link":"https:\/\/agora.xtec.cat\/escjoanardevol\/general\/festival-de-nadal-2015\/","title":{"rendered":"Festival de Nadal 2015"},"content":{"rendered":"<p>Els dies 21 i 22 de desembre vam fer els festivals de Nadal. El dia 21 va ser un acte obert a tots els familiars dels alumnes. Pel mat\u00ed va ser el torn dels alumnes de cicle mitj\u00e0 i cicle superior i per la tarda els alumnes d&#8217;educaci\u00f3 infantil i cicle inicial. El dia 22, el festival va ser a nivell intern en el qual tamb\u00e9 es va fer el lliurament de premis dels concursos de pessebres i de fotografia cient\u00edfica.<\/p>\n<p>[simpleviewer gallery_id=&#8221;22&#8243;]<\/p>\n<p>&nbsp;<\/p>\n<p style=\"text-align: center;\">Per veure l&#8217;\u00e0lbum complet&#8230;<\/p>\n<table class=\" aligncenter\" style=\"width: 194px;\">\n<tbody>\n<tr>\n<td style=\"height: 194px; background: url('https:\/\/www.gstatic.com\/pwa\/s\/v\/lighthousefe_20151220.00_p0\/transparent_album_background.gif') no-repeat left;\" align=\"center\"><a href=\"https:\/\/picasaweb.google.com\/107198051835113305356\/FestivalNadal2015?authuser=0&amp;feat=embedwebsite\" target=\"_blank\"><img loading=\"lazy\" decoding=\"async\" class=\"alignnone\" style=\"margin: 1px 0 0 4px;\" src=\"https:\/\/lh3.googleusercontent.com\/-g4CP00qErZs\/VnqBkSWMLeE\/AAAAAAAADUc\/Rt8dWUPC73o\/s160-c-Ic42\/FestivalNadal2015.jpg\" alt=\"\" width=\"160\" height=\"160\" \/><\/a><\/td>\n<\/tr>\n<tr>\n<td style=\"text-align: center; font-family: arial,sans-serif; font-size: 11px;\"><a style=\"color: #4d4d4d; font-weight: bold; text-decoration: none;\" href=\"https:\/\/picasaweb.google.com\/107198051835113305356\/FestivalNadal2015?authuser=0&amp;feat=embedwebsite\" target=\"_blank\">Festival Nadal 2015<\/a><\/td>\n<\/tr>\n<\/tbody>\n<\/table>\n","protected":false},"excerpt":{"rendered":"<p>Els dies 21 i 22 de desembre vam fer els festivals de Nadal. El dia 21 va ser un acte obert a tots els familiars dels alumnes. Pel mat\u00ed va ser el torn dels alumnes de cicle mitj\u00e0 i cicle superior i per la tarda&hellip;  <a href=\"https:\/\/agora.xtec.cat\/escjoanardevol\/general\/festival-de-nadal-2015\/\" title=\"Read Festival de Nadal 2015\">Llegeix m\u00e9s\u00bb<\/a><\/p>\n","protected":false},"author":1,"featured_media":3400,"comment_status":"closed","ping_status":"open","sticky":false,"template":"","format":"standard","meta":{"_bbp_topic_count":0,"_bbp_reply_count":0,"_bbp_total_topic_count":0,"_bbp_total_reply_count":0,"_bbp_voice_count":0,"_bbp_anonymous_reply_count":0,"_bbp_topic_count_hidden":0,"_bbp_reply_count_hidden":0,"_bbp_forum_subforum_count":0,"footnotes":""},"categories":[10,11,12,13,14,1,2,3,8,9],"tags":[75,76,77,103,115,116,146],"class_list":["post-3399","post","type-post","status-publish","format-standard","has-post-thumbnail","hentry","category-1r","category-2n","category-3r","category-4t","category-5e","category-general","category-infantil","category-p3","category-p4","category-p5","tag-cicle-inicial","tag-cicle-mitja","tag-cicle-superior-2","tag-educacio-infantil","tag-festes","tag-fotos","tag-nadal"],"post_mailing_queue_ids":[],"_links":{"self":[{"href":"https:\/\/agora.xtec.cat\/escjoanardevol\/wp-json\/wp\/v2\/posts\/3399","targetHints":{"allow":["GET"]}}],"collection":[{"href":"https:\/\/agora.xtec.cat\/escjoanardevol\/wp-json\/wp\/v2\/posts"}],"about":[{"href":"https:\/\/agora.xtec.cat\/escjoanardevol\/wp-json\/wp\/v2\/types\/post"}],"author":[{"embeddable":true,"href":"https:\/\/agora.xtec.cat\/escjoanardevol\/wp-json\/wp\/v2\/users\/1"}],"replies":[{"embeddable":true,"href":"https:\/\/agora.xtec.cat\/escjoanardevol\/wp-json\/wp\/v2\/comments?post=3399"}],"version-history":[{"count":0,"href":"https:\/\/agora.xtec.cat\/escjoanardevol\/wp-json\/wp\/v2\/posts\/3399\/revisions"}],"wp:featuredmedia":[{"embeddable":true,"href":"https:\/\/agora.xtec.cat\/escjoanardevol\/wp-json\/wp\/v2\/media\/3400"}],"wp:attachment":[{"href":"https:\/\/agora.xtec.cat\/escjoanardevol\/wp-json\/wp\/v2\/media?parent=3399"}],"wp:term":[{"taxonomy":"category","embeddable":true,"href":"https:\/\/agora.xtec.cat\/escjoanardevol\/wp-json\/wp\/v2\/categories?post=3399"},{"taxonomy":"post_tag","embeddable":true,"href":"https:\/\/agora.xtec.cat\/escjoanardevol\/wp-json\/wp\/v2\/tags?post=3399"}],"curies":[{"name":"wp","href":"https:\/\/api.w.org\/{rel}","templated":true}]}}