{"id":3365,"date":"2015-12-18T20:34:39","date_gmt":"2015-12-18T19:34:39","guid":{"rendered":"http:\/\/joanardevol.org\/info\/?p=3365"},"modified":"2015-12-18T20:34:39","modified_gmt":"2015-12-18T19:34:39","slug":"reciclem-per-un-mon-millor","status":"publish","type":"post","link":"https:\/\/agora.xtec.cat\/escjoanardevol\/general\/reciclem-per-un-mon-millor\/","title":{"rendered":"Reciclem per un m\u00f3n millor"},"content":{"rendered":"<p>L\u2019escola Joan Ard\u00e8vol inicia aquest curs el cam\u00ed per esdevenir escola verda i qui millor que els alumnes de 6\u00e8 per dinamitzar les primeres accions, sota el lema \u201c<strong>Els petits canvis s\u00f3n poderosos<\/strong>\u201d i deixar aix\u00ed la darrera empremta a l\u2019escola.<\/p>\n<p>Aquest repte ha estat possible gr\u00e0cies a la col\u00b7laboraci\u00f3 de la <strong>comissi\u00f3 de conviv\u00e8ncia<\/strong> i <strong>biblioteca<\/strong>.<\/p>\n<p>El primer pas ser\u00e0 la recollida selectiva de residus tal com es fa en el nostre municipi. Per aquest motiu, els alumnes de 6\u00e8 han esdevingut monitors referents per engrescar a alumnes i professors en aquesta primera missi\u00f3.<\/p>\n<p>Durant els dies 17 i 18 de desembre, tots els alumnes de l\u2019escola van participar d\u2019una activitat en un inflable per aprendre a reciclar saltant. La cloenda va ser al pavell\u00f3 cantant i ballant al ritme de la can\u00e7\u00f3: Si triem junts sona millor, del Pitu Tries amb coreografia dels \u201cmonitors\u201d que han fet una gran tasca.<\/p>\n<p>[simpleviewer gallery_id=&#8221;20&#8243;]<\/p>\n<p>&nbsp;<\/p>\n<p>[ezcol_1half]<\/p>\n<p>Si vols veure l&#8217;\u00e0lbum complet:<\/p>\n<table style=\"width: 194px;\">\n<tbody>\n<tr>\n<td style=\"height: 194px; background: url('https:\/\/www.gstatic.com\/pwa\/s\/v\/lighthousefe_20151206.00_p0\/transparent_album_background.gif') no-repeat left;\" align=\"center\"><a href=\"https:\/\/picasaweb.google.com\/107198051835113305356\/Reciclem2015?authuser=0&amp;feat=embedwebsite\" target=\"_blank\"><img loading=\"lazy\" decoding=\"async\" class=\"alignnone\" style=\"margin: 1px 0 0 4px;\" src=\"https:\/\/lh3.googleusercontent.com\/-kv6-9knobpI\/VnRYmP9QiCE\/AAAAAAAAC7k\/P_ysYEn440k\/s160-c-Ic42\/Reciclem2015.jpg\" alt=\"\" width=\"160\" height=\"160\" \/><\/a><\/td>\n<\/tr>\n<tr>\n<td style=\"text-align: center; font-family: arial,sans-serif; font-size: 11px;\"><a style=\"color: #4d4d4d; font-weight: bold; text-decoration: none;\" href=\"https:\/\/picasaweb.google.com\/107198051835113305356\/Reciclem2015?authuser=0&amp;feat=embedwebsite\" target=\"_blank\">reciclem 2015<\/a><\/td>\n<\/tr>\n<\/tbody>\n<\/table>\n<p>[\/ezcol_1half] [ezcol_1half_end]<iframe loading=\"lazy\" src=\"https:\/\/www.youtube.com\/embed\/Sc2bJ6X55vg\" width=\"560\" height=\"315\" frameborder=\"0\" allowfullscreen=\"allowfullscreen\"><\/iframe>[\/ezcol_1half_end]<\/p>\n<p>&nbsp;<\/p>\n","protected":false},"excerpt":{"rendered":"<p>L\u2019escola Joan Ard\u00e8vol inicia aquest curs el cam\u00ed per esdevenir escola verda i qui millor que els alumnes de 6\u00e8 per dinamitzar les primeres accions, sota el lema \u201cEls petits canvis s\u00f3n poderosos\u201d i deixar aix\u00ed la darrera empremta a l\u2019escola.<br \/>\nAquest repte ha estat possible&hellip;  <a href=\"https:\/\/agora.xtec.cat\/escjoanardevol\/general\/reciclem-per-un-mon-millor\/\" title=\"Read Reciclem per un m\u00f3n millor\">Llegeix m\u00e9s\u00bb<\/a><\/p>\n","protected":false},"author":1,"featured_media":3367,"comment_status":"closed","ping_status":"open","sticky":false,"template":"","format":"standard","meta":{"_bbp_topic_count":0,"_bbp_reply_count":0,"_bbp_total_topic_count":0,"_bbp_total_reply_count":0,"_bbp_voice_count":0,"_bbp_anonymous_reply_count":0,"_bbp_topic_count_hidden":0,"_bbp_reply_count_hidden":0,"_bbp_forum_subforum_count":0,"footnotes":""},"categories":[10,11,12,13,14,1,2],"tags":[59,93,94,108,115,140,164],"class_list":["post-3365","post","type-post","status-publish","format-standard","has-post-thumbnail","hentry","category-1r","category-2n","category-3r","category-4t","category-5e","category-general","category-infantil","tag-activitats","tag-convivencia","tag-cooperacio","tag-escola-verda","tag-festes","tag-medi","tag-reciclatge"],"post_mailing_queue_ids":[],"_links":{"self":[{"href":"https:\/\/agora.xtec.cat\/escjoanardevol\/wp-json\/wp\/v2\/posts\/3365","targetHints":{"allow":["GET"]}}],"collection":[{"href":"https:\/\/agora.xtec.cat\/escjoanardevol\/wp-json\/wp\/v2\/posts"}],"about":[{"href":"https:\/\/agora.xtec.cat\/escjoanardevol\/wp-json\/wp\/v2\/types\/post"}],"author":[{"embeddable":true,"href":"https:\/\/agora.xtec.cat\/escjoanardevol\/wp-json\/wp\/v2\/users\/1"}],"replies":[{"embeddable":true,"href":"https:\/\/agora.xtec.cat\/escjoanardevol\/wp-json\/wp\/v2\/comments?post=3365"}],"version-history":[{"count":0,"href":"https:\/\/agora.xtec.cat\/escjoanardevol\/wp-json\/wp\/v2\/posts\/3365\/revisions"}],"wp:featuredmedia":[{"embeddable":true,"href":"https:\/\/agora.xtec.cat\/escjoanardevol\/wp-json\/wp\/v2\/media\/3367"}],"wp:attachment":[{"href":"https:\/\/agora.xtec.cat\/escjoanardevol\/wp-json\/wp\/v2\/media?parent=3365"}],"wp:term":[{"taxonomy":"category","embeddable":true,"href":"https:\/\/agora.xtec.cat\/escjoanardevol\/wp-json\/wp\/v2\/categories?post=3365"},{"taxonomy":"post_tag","embeddable":true,"href":"https:\/\/agora.xtec.cat\/escjoanardevol\/wp-json\/wp\/v2\/tags?post=3365"}],"curies":[{"name":"wp","href":"https:\/\/api.w.org\/{rel}","templated":true}]}}