{"id":3338,"date":"2015-12-02T09:28:59","date_gmt":"2015-12-02T08:28:59","guid":{"rendered":"http:\/\/joanardevol.org\/info\/?p=3338"},"modified":"2015-12-02T09:28:59","modified_gmt":"2015-12-02T08:28:59","slug":"el-setge-de-cambrils","status":"publish","type":"post","link":"https:\/\/agora.xtec.cat\/escjoanardevol\/primaria\/5e\/el-setge-de-cambrils\/","title":{"rendered":"El setge de Cambrils"},"content":{"rendered":"<p>El 2 de desembre els alumnes de CS vam gaudir a la nostra escola d\u2019una actuaci\u00f3 molt especial. La companyia Tra\u00fct, cia. ha representat el setge que va tenir lloc el 15 de desembre de 1640 a la nostra poblaci\u00f3. Va ser una representaci\u00f3 molt divertida i entretinguda en qu\u00e8 ens van explicar un fet molt important de la nostra hist\u00f2ria local.<\/p>\n<p>[simpleviewer gallery_id=&#8221;15&#8243;]<\/p>\n","protected":false},"excerpt":{"rendered":"<p>El 2 de desembre els alumnes de CS vam gaudir a la nostra escola d\u2019una actuaci\u00f3 molt especial. La companyia Tra\u00fct, cia. ha representat el setge que va tenir lloc el 15 de desembre de 1640 a la nostra poblaci\u00f3. Va ser una representaci\u00f3 molt&hellip;  <a href=\"https:\/\/agora.xtec.cat\/escjoanardevol\/primaria\/5e\/el-setge-de-cambrils\/\" title=\"Read El setge de Cambrils\">Llegeix m\u00e9s\u00bb<\/a><\/p>\n","protected":false},"author":1,"featured_media":3339,"comment_status":"closed","ping_status":"open","sticky":false,"template":"","format":"standard","meta":{"_bbp_topic_count":0,"_bbp_reply_count":0,"_bbp_total_topic_count":0,"_bbp_total_reply_count":0,"_bbp_voice_count":0,"_bbp_anonymous_reply_count":0,"_bbp_topic_count_hidden":0,"_bbp_reply_count_hidden":0,"_bbp_forum_subforum_count":0,"footnotes":""},"categories":[14],"tags":[69,77,180],"class_list":["post-3338","post","type-post","status-publish","format-standard","has-post-thumbnail","hentry","category-5e","tag-cambrils","tag-cicle-superior-2","tag-teatre"],"post_mailing_queue_ids":[],"_links":{"self":[{"href":"https:\/\/agora.xtec.cat\/escjoanardevol\/wp-json\/wp\/v2\/posts\/3338","targetHints":{"allow":["GET"]}}],"collection":[{"href":"https:\/\/agora.xtec.cat\/escjoanardevol\/wp-json\/wp\/v2\/posts"}],"about":[{"href":"https:\/\/agora.xtec.cat\/escjoanardevol\/wp-json\/wp\/v2\/types\/post"}],"author":[{"embeddable":true,"href":"https:\/\/agora.xtec.cat\/escjoanardevol\/wp-json\/wp\/v2\/users\/1"}],"replies":[{"embeddable":true,"href":"https:\/\/agora.xtec.cat\/escjoanardevol\/wp-json\/wp\/v2\/comments?post=3338"}],"version-history":[{"count":0,"href":"https:\/\/agora.xtec.cat\/escjoanardevol\/wp-json\/wp\/v2\/posts\/3338\/revisions"}],"wp:featuredmedia":[{"embeddable":true,"href":"https:\/\/agora.xtec.cat\/escjoanardevol\/wp-json\/wp\/v2\/media\/3339"}],"wp:attachment":[{"href":"https:\/\/agora.xtec.cat\/escjoanardevol\/wp-json\/wp\/v2\/media?parent=3338"}],"wp:term":[{"taxonomy":"category","embeddable":true,"href":"https:\/\/agora.xtec.cat\/escjoanardevol\/wp-json\/wp\/v2\/categories?post=3338"},{"taxonomy":"post_tag","embeddable":true,"href":"https:\/\/agora.xtec.cat\/escjoanardevol\/wp-json\/wp\/v2\/tags?post=3338"}],"curies":[{"name":"wp","href":"https:\/\/api.w.org\/{rel}","templated":true}]}}