{"id":3332,"date":"2015-11-27T11:18:42","date_gmt":"2015-11-27T10:18:42","guid":{"rendered":"http:\/\/joanardevol.org\/info\/?p=3332"},"modified":"2015-11-27T11:18:42","modified_gmt":"2015-11-27T10:18:42","slug":"festa-del-color-vermell-a-p3-2","status":"publish","type":"post","link":"https:\/\/agora.xtec.cat\/escjoanardevol\/infantil\/festa-del-color-vermell-a-p3-2\/","title":{"rendered":"Festa del color vermell a P3"},"content":{"rendered":"<p>El 24 de novembre vam fer la festa del color vermell. Aquesta festa ens agrada molt perqu\u00e8 els nostres alumnes de P3 ja estan perfectament adaptats a l&#8217;escola i tot els hi va molt b\u00e9.<\/p>\n<p>Vam convidar als alumnes de P2 de la llar d&#8217;infants Dolors Medina i tots els familiars dels alumnes. La festa va consistir en fer una representaci\u00f3 a c\u00e0rrec d&#8217;uns alumnes de 5\u00e8: el Dani, la Laura i la Nerea. Despr\u00e9s, per gentilesa de l&#8217;AMPA, vam poder gaudir d&#8217;un berenar de color vermell.<\/p>\n<p>[simpleviewer gallery_id=&#8221;14&#8243;]<\/p>\n<p>Si voleu veure tot l&#8217;\u00e0lbum&#8230;<\/p>\n<table style=\"width: 194px;\">\n<tbody>\n<tr>\n<td style=\"height: 194px; background: url('https:\/\/www.gstatic.com\/pwa\/s\/v\/lighthousefe_20151117.00_p3\/transparent_album_background.gif') no-repeat left;\" align=\"center\"><a href=\"https:\/\/picasaweb.google.com\/107198051835113305356\/FestaVermell?authuser=0&amp;feat=embedwebsite\" target=\"_blank\"><img loading=\"lazy\" decoding=\"async\" style=\"margin: 1px 0 0 4px;\" src=\"https:\/\/lh3.googleusercontent.com\/-AyglMFzAQxM\/VlrQShf6aQE\/AAAAAAAACRQ\/rod755HGd2k\/s160-c-Ic42\/FestaVermell.jpg\" alt=\"\" width=\"160\" height=\"160\" \/><\/a><\/td>\n<\/tr>\n<tr>\n<td style=\"text-align: center; font-family: arial,sans-serif; font-size: 11px;\"><a style=\"color: #4d4d4d; font-weight: bold; text-decoration: none;\" href=\"https:\/\/picasaweb.google.com\/107198051835113305356\/FestaVermell?authuser=0&amp;feat=embedwebsite\" target=\"_blank\">Festa vermell<\/a><\/td>\n<\/tr>\n<\/tbody>\n<\/table>\n","protected":false},"excerpt":{"rendered":"<p>El 24 de novembre vam fer la festa del color vermell. Aquesta festa ens agrada molt perqu\u00e8 els nostres alumnes de P3 ja estan perfectament adaptats a l&#8217;escola i tot els hi va molt b\u00e9.<br \/>\nVam convidar als alumnes de P2 de la llar d&#8217;infants Dolors&hellip;  <a href=\"https:\/\/agora.xtec.cat\/escjoanardevol\/infantil\/festa-del-color-vermell-a-p3-2\/\" title=\"Read Festa del color vermell a P3\">Llegeix m\u00e9s\u00bb<\/a><\/p>\n","protected":false},"author":1,"featured_media":3333,"comment_status":"closed","ping_status":"open","sticky":false,"template":"","format":"standard","meta":{"_bbp_topic_count":0,"_bbp_reply_count":0,"_bbp_total_topic_count":0,"_bbp_total_reply_count":0,"_bbp_voice_count":0,"_bbp_anonymous_reply_count":0,"_bbp_topic_count_hidden":0,"_bbp_reply_count_hidden":0,"_bbp_forum_subforum_count":0,"footnotes":""},"categories":[2],"tags":[59,94,103,115,132,180],"class_list":["post-3332","post","type-post","status-publish","format-standard","has-post-thumbnail","hentry","category-infantil","tag-activitats","tag-cooperacio","tag-educacio-infantil","tag-festes","tag-llar-dinfants","tag-teatre"],"post_mailing_queue_ids":[],"_links":{"self":[{"href":"https:\/\/agora.xtec.cat\/escjoanardevol\/wp-json\/wp\/v2\/posts\/3332","targetHints":{"allow":["GET"]}}],"collection":[{"href":"https:\/\/agora.xtec.cat\/escjoanardevol\/wp-json\/wp\/v2\/posts"}],"about":[{"href":"https:\/\/agora.xtec.cat\/escjoanardevol\/wp-json\/wp\/v2\/types\/post"}],"author":[{"embeddable":true,"href":"https:\/\/agora.xtec.cat\/escjoanardevol\/wp-json\/wp\/v2\/users\/1"}],"replies":[{"embeddable":true,"href":"https:\/\/agora.xtec.cat\/escjoanardevol\/wp-json\/wp\/v2\/comments?post=3332"}],"version-history":[{"count":0,"href":"https:\/\/agora.xtec.cat\/escjoanardevol\/wp-json\/wp\/v2\/posts\/3332\/revisions"}],"wp:featuredmedia":[{"embeddable":true,"href":"https:\/\/agora.xtec.cat\/escjoanardevol\/wp-json\/wp\/v2\/media\/3333"}],"wp:attachment":[{"href":"https:\/\/agora.xtec.cat\/escjoanardevol\/wp-json\/wp\/v2\/media?parent=3332"}],"wp:term":[{"taxonomy":"category","embeddable":true,"href":"https:\/\/agora.xtec.cat\/escjoanardevol\/wp-json\/wp\/v2\/categories?post=3332"},{"taxonomy":"post_tag","embeddable":true,"href":"https:\/\/agora.xtec.cat\/escjoanardevol\/wp-json\/wp\/v2\/tags?post=3332"}],"curies":[{"name":"wp","href":"https:\/\/api.w.org\/{rel}","templated":true}]}}