{"id":3321,"date":"2015-11-24T23:09:43","date_gmt":"2015-11-24T22:09:43","guid":{"rendered":"http:\/\/joanardevol.org\/info\/?p=3321"},"modified":"2015-11-24T23:09:43","modified_gmt":"2015-11-24T22:09:43","slug":"x-concurs-de-pessebres","status":"publish","type":"post","link":"https:\/\/agora.xtec.cat\/escjoanardevol\/general\/x-concurs-de-pessebres\/","title":{"rendered":"X Concurs de pessebres"},"content":{"rendered":"<p>Un any m\u00e9s l\u2019escola convoca el X Concurs de pessebres obert a la participaci\u00f3 volunt\u00e0ria de tot l\u2019alumnat tant d\u2019Educaci\u00f3 Infantil com de Prim\u00e0ria.<\/p>\n<p><strong>BASES del concurs:<\/strong><\/p>\n<p>&#8211;\u00a0\u00a0 \u00a0Elaboraci\u00f3 casolana de petits pessebres.<br \/>\n&#8211;\u00a0\u00a0 \u00a0Tot pessebre presentat ser\u00e0 v\u00e0lid a partir de l\u2019aparici\u00f3 de les figures b\u00e0siques del naixement: Sant Josep, Verge Maria, nen Jes\u00fas, bou i mula.<br \/>\n&#8211;\u00a0\u00a0 \u00a0La t\u00e8cnica d\u2019elaboraci\u00f3 ser\u00e0 escollida per cada participant .<br \/>\n&#8211;\u00a0\u00a0 \u00a0La dimensi\u00f3 m\u00e0xima de tot el conjunt no hauria d\u2019excedir les dimensions d\u2019un full DINA-3 (297x 420 mm.)<br \/>\n&#8211;\u00a0\u00a0 \u00a0Els treballs elaborats s\u2019exposaran a l\u2019entrada de l\u2019escola.<\/p>\n<p><strong>PREMIS:<\/strong><\/p>\n<p>&#8211;\u00a0\u00a0 \u00a0S\u2019establir\u00e0 un guanyador per cicle.<br \/>\n&#8211;\u00a0\u00a0 \u00a0Premi per al m\u00e9s original de la totalitat de treballs presentats.<br \/>\n&#8211;\u00a0\u00a0 \u00a0Premi a la millor presentaci\u00f3.<br \/>\n&#8211;\u00a0\u00a0 \u00a0Lliurament de premis el dia 22 de desembre.<\/p>\n<p>La data de lliurament dels pessebres ser\u00e0 durant la setmana del 7 al 11 de desembre.<\/p>\n<p><span style=\"color: #ff00ff;\"><strong>Us animen a participar-hi<\/strong><\/span><\/p>\n<p><a href=\"http:\/\/agora.xtec.cat\/escjoanardevol\/wp-content\/uploads\/usu550\/2015\/11\/pessebres.pdf\" target=\"_blank\"><img loading=\"lazy\" decoding=\"async\" class=\"alignnone wp-image-3323\" src=\"http:\/\/agora.xtec.cat\/escjoanardevol\/wp-content\/uploads\/usu550\/2015\/11\/pessebres2.jpg\" alt=\"pessebres2\" width=\"600\" height=\"287\" srcset=\"https:\/\/agora.xtec.cat\/escjoanardevol\/wp-content\/uploads\/usu550\/2015\/11\/pessebres2.jpg 998w, https:\/\/agora.xtec.cat\/escjoanardevol\/wp-content\/uploads\/usu550\/2015\/11\/pessebres2-300x143.jpg 300w, https:\/\/agora.xtec.cat\/escjoanardevol\/wp-content\/uploads\/usu550\/2015\/11\/pessebres2-768x367.jpg 768w\" sizes=\"auto, (max-width: 600px) 100vw, 600px\" \/><\/a><\/p>\n","protected":false},"excerpt":{"rendered":"<p>Un any m\u00e9s l\u2019escola convoca el X Concurs de pessebres obert a la participaci\u00f3 volunt\u00e0ria de tot l\u2019alumnat tant d\u2019Educaci\u00f3 Infantil com de Prim\u00e0ria.<br \/>\nBASES del concurs:<br \/>\n&#8211;\u00a0\u00a0 \u00a0Elaboraci\u00f3 casolana de petits pessebres.<br \/>\n&#8211;\u00a0\u00a0 \u00a0Tot pessebre presentat ser\u00e0 v\u00e0lid a partir de l\u2019aparici\u00f3 de les figures b\u00e0siques del&hellip;  <a href=\"https:\/\/agora.xtec.cat\/escjoanardevol\/general\/x-concurs-de-pessebres\/\" title=\"Read X Concurs de pessebres\">Llegeix m\u00e9s\u00bb<\/a><\/p>\n","protected":false},"author":1,"featured_media":3323,"comment_status":"closed","ping_status":"open","sticky":false,"template":"","format":"standard","meta":{"_bbp_topic_count":0,"_bbp_reply_count":0,"_bbp_total_topic_count":0,"_bbp_total_reply_count":0,"_bbp_voice_count":0,"_bbp_anonymous_reply_count":0,"_bbp_topic_count_hidden":0,"_bbp_reply_count_hidden":0,"_bbp_forum_subforum_count":0,"footnotes":""},"categories":[1],"tags":[75,76,77,89,103,146],"class_list":["post-3321","post","type-post","status-publish","format-standard","has-post-thumbnail","hentry","category-general","tag-cicle-inicial","tag-cicle-mitja","tag-cicle-superior-2","tag-concursos","tag-educacio-infantil","tag-nadal"],"post_mailing_queue_ids":[],"_links":{"self":[{"href":"https:\/\/agora.xtec.cat\/escjoanardevol\/wp-json\/wp\/v2\/posts\/3321","targetHints":{"allow":["GET"]}}],"collection":[{"href":"https:\/\/agora.xtec.cat\/escjoanardevol\/wp-json\/wp\/v2\/posts"}],"about":[{"href":"https:\/\/agora.xtec.cat\/escjoanardevol\/wp-json\/wp\/v2\/types\/post"}],"author":[{"embeddable":true,"href":"https:\/\/agora.xtec.cat\/escjoanardevol\/wp-json\/wp\/v2\/users\/1"}],"replies":[{"embeddable":true,"href":"https:\/\/agora.xtec.cat\/escjoanardevol\/wp-json\/wp\/v2\/comments?post=3321"}],"version-history":[{"count":0,"href":"https:\/\/agora.xtec.cat\/escjoanardevol\/wp-json\/wp\/v2\/posts\/3321\/revisions"}],"wp:featuredmedia":[{"embeddable":true,"href":"https:\/\/agora.xtec.cat\/escjoanardevol\/wp-json\/wp\/v2\/media\/3323"}],"wp:attachment":[{"href":"https:\/\/agora.xtec.cat\/escjoanardevol\/wp-json\/wp\/v2\/media?parent=3321"}],"wp:term":[{"taxonomy":"category","embeddable":true,"href":"https:\/\/agora.xtec.cat\/escjoanardevol\/wp-json\/wp\/v2\/categories?post=3321"},{"taxonomy":"post_tag","embeddable":true,"href":"https:\/\/agora.xtec.cat\/escjoanardevol\/wp-json\/wp\/v2\/tags?post=3321"}],"curies":[{"name":"wp","href":"https:\/\/api.w.org\/{rel}","templated":true}]}}