{"id":3307,"date":"2015-11-18T16:53:06","date_gmt":"2015-11-18T15:53:06","guid":{"rendered":"http:\/\/joanardevol.org\/info\/?p=3307"},"modified":"2015-11-18T16:53:06","modified_gmt":"2015-11-18T15:53:06","slug":"visita-a-la-biblioteca-muinicipal","status":"publish","type":"post","link":"https:\/\/agora.xtec.cat\/escjoanardevol\/general\/visita-a-la-biblioteca-muinicipal\/","title":{"rendered":"Visita a la biblioteca municipal"},"content":{"rendered":"<p>Els alumnes de 4t curs de prim\u00e0ria hem fet una visita a la Biblioteca Municipal el dia 12 de novembre.<br \/>\nHem rebut un curs de formaci\u00f3 d&#8217;usuaris. Ens han explicat els serveis que ens ofereix: club de lectura, servei de pr\u00e9stec, l&#8217;hora del conte, la connexi\u00f3 amb diferents xarxes socials&#8230;<br \/>\nTamb\u00e9 ens van recomanar uns bonics contes i vam poder gaudir d&#8217;una estona de lectura lliure.<br \/>\nVa ser , una vegada m\u00e9s, una visita molt interessant.<\/p>\n<p>[simpleviewer gallery_id=&#8221;10&#8243;]<\/p>\n","protected":false},"excerpt":{"rendered":"<p>Els alumnes de 4t curs de prim\u00e0ria hem fet una visita a la Biblioteca Municipal el dia 12 de novembre.<br \/>\nHem rebut un curs de formaci\u00f3 d&#8217;usuaris. Ens han explicat els serveis que ens ofereix: club de lectura, servei de pr\u00e9stec, l&#8217;hora del conte, la connexi\u00f3&hellip;  <a href=\"https:\/\/agora.xtec.cat\/escjoanardevol\/general\/visita-a-la-biblioteca-muinicipal\/\" title=\"Read Visita a la biblioteca municipal\">Llegeix m\u00e9s\u00bb<\/a><\/p>\n","protected":false},"author":1,"featured_media":3309,"comment_status":"closed","ping_status":"open","sticky":false,"template":"","format":"standard","meta":{"_bbp_topic_count":0,"_bbp_reply_count":0,"_bbp_total_topic_count":0,"_bbp_total_reply_count":0,"_bbp_voice_count":0,"_bbp_anonymous_reply_count":0,"_bbp_topic_count_hidden":0,"_bbp_reply_count_hidden":0,"_bbp_forum_subforum_count":0,"footnotes":""},"categories":[12,1],"tags":[67,76,130,173],"class_list":["post-3307","post","type-post","status-publish","format-standard","has-post-thumbnail","hentry","category-3r","category-general","tag-biblioteca","tag-cicle-mitja","tag-lectura","tag-sortides-2"],"post_mailing_queue_ids":[],"_links":{"self":[{"href":"https:\/\/agora.xtec.cat\/escjoanardevol\/wp-json\/wp\/v2\/posts\/3307","targetHints":{"allow":["GET"]}}],"collection":[{"href":"https:\/\/agora.xtec.cat\/escjoanardevol\/wp-json\/wp\/v2\/posts"}],"about":[{"href":"https:\/\/agora.xtec.cat\/escjoanardevol\/wp-json\/wp\/v2\/types\/post"}],"author":[{"embeddable":true,"href":"https:\/\/agora.xtec.cat\/escjoanardevol\/wp-json\/wp\/v2\/users\/1"}],"replies":[{"embeddable":true,"href":"https:\/\/agora.xtec.cat\/escjoanardevol\/wp-json\/wp\/v2\/comments?post=3307"}],"version-history":[{"count":0,"href":"https:\/\/agora.xtec.cat\/escjoanardevol\/wp-json\/wp\/v2\/posts\/3307\/revisions"}],"wp:featuredmedia":[{"embeddable":true,"href":"https:\/\/agora.xtec.cat\/escjoanardevol\/wp-json\/wp\/v2\/media\/3309"}],"wp:attachment":[{"href":"https:\/\/agora.xtec.cat\/escjoanardevol\/wp-json\/wp\/v2\/media?parent=3307"}],"wp:term":[{"taxonomy":"category","embeddable":true,"href":"https:\/\/agora.xtec.cat\/escjoanardevol\/wp-json\/wp\/v2\/categories?post=3307"},{"taxonomy":"post_tag","embeddable":true,"href":"https:\/\/agora.xtec.cat\/escjoanardevol\/wp-json\/wp\/v2\/tags?post=3307"}],"curies":[{"name":"wp","href":"https:\/\/api.w.org\/{rel}","templated":true}]}}